{"id":1413,"date":"2011-09-24T11:14:13","date_gmt":"2011-09-24T09:14:13","guid":{"rendered":"http:\/\/blog.malik-management.com\/?p=1413"},"modified":"2011-09-24T11:14:13","modified_gmt":"2011-09-24T09:14:13","slug":"beginnende-angst-in-der-realwirtschaft","status":"publish","type":"post","link":"https:\/\/www.malik-management.com\/de\/beginnende-angst-in-der-realwirtschaft\/","title":{"rendered":"Beginnende Angst in der Realwirtschaft"},"content":{"rendered":"<p><strong><\/strong>Immer mehr F\u00fchrungskr\u00e4fte aus realwirtschaftlichen Unternehmen beschleicht das Gef\u00fchl, dass etwas Grundlegendes nicht stimmt. Sie sehen nun auch, dass die bisherigen Massnahmen beinahe wirkungslos geblieben sind, und sehen sich in ihren vorherigen optimistischen Erwartungen herb entt\u00e4uscht. Deutschland hatte im 2. Q. nur noch 0.1 % Wachstum.<br \/>\nAm 26. Dez. 2010 schrieb ich im Blog dies:<em> &#8222;Mit wenigen Ausnahmen gehen die \u00d6konomen weltweit erneut ins Risiko, die Lage falsch einzusch\u00e4tzen und damit Regierungen irrezuf\u00fchren. Sie glauben an das Ende der Krise und an die Fortsetzung des Aufschwunges \u2013 so praktisch unisono in Deutschland und Amerika. Sch\u00f6n, wenn dieser Plan A eintritt. Weit und breit ist in der \u00f6ffentlichen Diskussion aber kein Plan B zu erkennen. Was, wenn Plan A nicht eintritt? &#8222;<\/em><br \/>\nIn einem Interview &#8211; ich glaube es war 2009 &#8211; habe ich empfohlen, es zu verbieten, den Mainstream-\u00d6konomen &#8211; mit ganz wenigen Ausnahmen &#8211; noch zuzuh\u00f6ren. Mainstream \u00d6konomie verbreitet &#8211; millionenfach durch Medien verst\u00e4rkt &#8211; einen gef\u00e4hrlichen Denk-Virus, der totale Krisen-Blindheit verursacht.<\/p>\n","protected":false},"excerpt":{"rendered":"<p>Immer mehr F\u00fchrungskr\u00e4fte aus realwirtschaftlichen Unternehmen beschleicht das Gef\u00fchl, dass etwas Grundlegendes nicht stimmt. Sie sehen nun auch, dass die bisherigen Massnahmen beinahe wirkungslos geblieben sind, und sehen sich in ihren vorherigen optimistischen Erwartungen herb entt\u00e4uscht. Deutschland hatte im 2. Q. nur noch 0.1 % Wachstum. Am 26. Dez. 2010 schrieb ich im Blog dies: &#8222;Mit wenigen Ausnahmen gehen die  [&#8230;]<\/p>\n","protected":false},"author":6,"featured_media":0,"comment_status":"open","ping_status":"open","sticky":false,"template":"","format":"standard","meta":{"_acf_changed":false,"_bbp_topic_count":0,"_bbp_reply_count":0,"_bbp_total_topic_count":0,"_bbp_total_reply_count":0,"_bbp_voice_count":0,"_bbp_anonymous_reply_count":0,"_bbp_topic_count_hidden":0,"_bbp_reply_count_hidden":0,"_bbp_forum_subforum_count":0,"footnotes":""},"categories":[141],"tags":[],"class_list":["post-1413","post","type-post","status-publish","format-standard","hentry","category-kategorie-allgemein"],"acf":[],"yoast_head":"<!-- This site is optimized with the Yoast SEO plugin v26.4 - https:\/\/yoast.com\/wordpress\/plugins\/seo\/ -->\n<title>Beginnende Angst in der Realwirtschaft - Malik Management<\/title>\n<meta name=\"robots\" content=\"index, follow, max-snippet:-1, max-image-preview:large, max-video-preview:-1\" \/>\n<link rel=\"canonical\" href=\"https:\/\/www.malik-management.com\/de\/beginnende-angst-in-der-realwirtschaft\/\" \/>\n<meta property=\"og:locale\" content=\"de_DE\" \/>\n<meta property=\"og:type\" content=\"article\" \/>\n<meta property=\"og:title\" content=\"Beginnende Angst in der Realwirtschaft - Malik Management\" \/>\n<meta property=\"og:description\" content=\"Immer mehr F\u00fchrungskr\u00e4fte aus realwirtschaftlichen Unternehmen beschleicht das Gef\u00fchl, dass etwas Grundlegendes nicht stimmt. Sie sehen nun auch, dass die bisherigen Massnahmen beinahe wirkungslos geblieben sind, und sehen sich in ihren vorherigen optimistischen Erwartungen herb entt\u00e4uscht. Deutschland hatte im 2. Q. nur noch 0.1 % Wachstum. Am 26. Dez. 2010 schrieb ich im Blog dies: &#8222;Mit wenigen Ausnahmen gehen die [...]\" \/>\n<meta property=\"og:url\" content=\"https:\/\/www.malik-management.com\/de\/beginnende-angst-in-der-realwirtschaft\/\" \/>\n<meta property=\"og:site_name\" content=\"Malik Management\" \/>\n<meta property=\"article:published_time\" content=\"2011-09-24T09:14:13+00:00\" \/>\n<meta name=\"author\" content=\"Fredmund Malik\" \/>\n<meta name=\"twitter:card\" content=\"summary_large_image\" \/>\n<meta name=\"twitter:label1\" content=\"Verfasst von\" \/>\n\t<meta name=\"twitter:data1\" content=\"Fredmund Malik\" \/>\n\t<meta name=\"twitter:label2\" content=\"Gesch\u00e4tzte Lesezeit\" \/>\n\t<meta name=\"twitter:data2\" content=\"1\u00a0Minute\" \/>\n<script type=\"application\/ld+json\" class=\"yoast-schema-graph\">{\"@context\":\"https:\/\/schema.org\",\"@graph\":[{\"@type\":\"Article\",\"@id\":\"https:\/\/www.malik-management.com\/de\/beginnende-angst-in-der-realwirtschaft\/#article\",\"isPartOf\":{\"@id\":\"https:\/\/www.malik-management.com\/de\/beginnende-angst-in-der-realwirtschaft\/\"},\"author\":{\"name\":\"Fredmund Malik\",\"@id\":\"https:\/\/www.malik-management.com\/de\/#\/schema\/person\/91fa82099f35691c4bab52d1f1a81a75\"},\"headline\":\"Beginnende Angst in der Realwirtschaft\",\"datePublished\":\"2011-09-24T09:14:13+00:00\",\"mainEntityOfPage\":{\"@id\":\"https:\/\/www.malik-management.com\/de\/beginnende-angst-in-der-realwirtschaft\/\"},\"wordCount\":171,\"commentCount\":2,\"publisher\":{\"@id\":\"https:\/\/www.malik-management.com\/de\/#organization\"},\"inLanguage\":\"de\",\"potentialAction\":[{\"@type\":\"CommentAction\",\"name\":\"Comment\",\"target\":[\"https:\/\/www.malik-management.com\/de\/beginnende-angst-in-der-realwirtschaft\/#respond\"]}]},{\"@type\":\"WebPage\",\"@id\":\"https:\/\/www.malik-management.com\/de\/beginnende-angst-in-der-realwirtschaft\/\",\"url\":\"https:\/\/www.malik-management.com\/de\/beginnende-angst-in-der-realwirtschaft\/\",\"name\":\"Beginnende Angst in der Realwirtschaft - Malik Management\",\"isPartOf\":{\"@id\":\"https:\/\/www.malik-management.com\/de\/#website\"},\"datePublished\":\"2011-09-24T09:14:13+00:00\",\"breadcrumb\":{\"@id\":\"https:\/\/www.malik-management.com\/de\/beginnende-angst-in-der-realwirtschaft\/#breadcrumb\"},\"inLanguage\":\"de\",\"potentialAction\":[{\"@type\":\"ReadAction\",\"target\":[\"https:\/\/www.malik-management.com\/de\/beginnende-angst-in-der-realwirtschaft\/\"]}]},{\"@type\":\"BreadcrumbList\",\"@id\":\"https:\/\/www.malik-management.com\/de\/beginnende-angst-in-der-realwirtschaft\/#breadcrumb\",\"itemListElement\":[{\"@type\":\"ListItem\",\"position\":1,\"name\":\"Home\",\"item\":\"https:\/\/www.malik-management.com\/de\/\"},{\"@type\":\"ListItem\",\"position\":2,\"name\":\"Beginnende Angst in der Realwirtschaft\"}]},{\"@type\":\"WebSite\",\"@id\":\"https:\/\/www.malik-management.com\/de\/#website\",\"url\":\"https:\/\/www.malik-management.com\/de\/\",\"name\":\"Malik Management\",\"description\":\"Beyond conventional management\",\"publisher\":{\"@id\":\"https:\/\/www.malik-management.com\/de\/#organization\"},\"potentialAction\":[{\"@type\":\"SearchAction\",\"target\":{\"@type\":\"EntryPoint\",\"urlTemplate\":\"https:\/\/www.malik-management.com\/de\/?s={search_term_string}\"},\"query-input\":{\"@type\":\"PropertyValueSpecification\",\"valueRequired\":true,\"valueName\":\"search_term_string\"}}],\"inLanguage\":\"de\"},{\"@type\":\"Organization\",\"@id\":\"https:\/\/www.malik-management.com\/de\/#organization\",\"name\":\"malik international AG\",\"url\":\"https:\/\/www.malik-management.com\/de\/\",\"logo\":{\"@type\":\"ImageObject\",\"inLanguage\":\"de\",\"@id\":\"https:\/\/www.malik-management.com\/de\/#\/schema\/logo\/image\/\",\"url\":\"https:\/\/www.malik-management.com\/wp-content\/uploads\/2018\/09\/Logo_malik_weiss-klein3.png\",\"contentUrl\":\"https:\/\/www.malik-management.com\/wp-content\/uploads\/2018\/09\/Logo_malik_weiss-klein3.png\",\"width\":140,\"height\":41,\"caption\":\"malik international AG\"},\"image\":{\"@id\":\"https:\/\/www.malik-management.com\/de\/#\/schema\/logo\/image\/\"},\"sameAs\":[\"https:\/\/www.linkedin.com\/company\/30160\",\"https:\/\/www.youtube.com\/user\/malikmanagement\"]},{\"@type\":\"Person\",\"@id\":\"https:\/\/www.malik-management.com\/de\/#\/schema\/person\/91fa82099f35691c4bab52d1f1a81a75\",\"name\":\"Fredmund Malik\",\"image\":{\"@type\":\"ImageObject\",\"inLanguage\":\"de\",\"@id\":\"https:\/\/www.malik-management.com\/de\/#\/schema\/person\/image\/\",\"url\":\"https:\/\/secure.gravatar.com\/avatar\/c3e7cc7ddd118be0e1666fe325eb6f40d06d9cd5b895ff464617c49bf8c7f26f?s=96&r=g\",\"contentUrl\":\"https:\/\/secure.gravatar.com\/avatar\/c3e7cc7ddd118be0e1666fe325eb6f40d06d9cd5b895ff464617c49bf8c7f26f?s=96&r=g\",\"caption\":\"Fredmund Malik\"},\"description\":\"\\\"Malik is one of the most influential business thinkers...\\\" (Business Week) \\\"Malik has become the leading expert on Management in Europe... He is a commanding figure - in theory as well as in the practice of Management.\\\" (Peter Drucker, Doyen of Management)\",\"sameAs\":[\"https:\/\/www.malik-management.com\/de\/fredmund-malik\/zur-person\/\"],\"url\":\"https:\/\/www.malik-management.com\/de\/author\/fmalik\/\"}]}<\/script>\n<!-- \/ Yoast SEO plugin. -->","yoast_head_json":{"title":"Beginnende Angst in der Realwirtschaft - Malik Management","robots":{"index":"index","follow":"follow","max-snippet":"max-snippet:-1","max-image-preview":"max-image-preview:large","max-video-preview":"max-video-preview:-1"},"canonical":"https:\/\/www.malik-management.com\/de\/beginnende-angst-in-der-realwirtschaft\/","og_locale":"de_DE","og_type":"article","og_title":"Beginnende Angst in der Realwirtschaft - Malik Management","og_description":"Immer mehr F\u00fchrungskr\u00e4fte aus realwirtschaftlichen Unternehmen beschleicht das Gef\u00fchl, dass etwas Grundlegendes nicht stimmt. Sie sehen nun auch, dass die bisherigen Massnahmen beinahe wirkungslos geblieben sind, und sehen sich in ihren vorherigen optimistischen Erwartungen herb entt\u00e4uscht. Deutschland hatte im 2. Q. nur noch 0.1 % Wachstum. Am 26. Dez. 2010 schrieb ich im Blog dies: &#8222;Mit wenigen Ausnahmen gehen die [...]","og_url":"https:\/\/www.malik-management.com\/de\/beginnende-angst-in-der-realwirtschaft\/","og_site_name":"Malik Management","article_published_time":"2011-09-24T09:14:13+00:00","author":"Fredmund Malik","twitter_card":"summary_large_image","twitter_misc":{"Verfasst von":"Fredmund Malik","Gesch\u00e4tzte Lesezeit":"1\u00a0Minute"},"schema":{"@context":"https:\/\/schema.org","@graph":[{"@type":"Article","@id":"https:\/\/www.malik-management.com\/de\/beginnende-angst-in-der-realwirtschaft\/#article","isPartOf":{"@id":"https:\/\/www.malik-management.com\/de\/beginnende-angst-in-der-realwirtschaft\/"},"author":{"name":"Fredmund Malik","@id":"https:\/\/www.malik-management.com\/de\/#\/schema\/person\/91fa82099f35691c4bab52d1f1a81a75"},"headline":"Beginnende Angst in der Realwirtschaft","datePublished":"2011-09-24T09:14:13+00:00","mainEntityOfPage":{"@id":"https:\/\/www.malik-management.com\/de\/beginnende-angst-in-der-realwirtschaft\/"},"wordCount":171,"commentCount":2,"publisher":{"@id":"https:\/\/www.malik-management.com\/de\/#organization"},"inLanguage":"de","potentialAction":[{"@type":"CommentAction","name":"Comment","target":["https:\/\/www.malik-management.com\/de\/beginnende-angst-in-der-realwirtschaft\/#respond"]}]},{"@type":"WebPage","@id":"https:\/\/www.malik-management.com\/de\/beginnende-angst-in-der-realwirtschaft\/","url":"https:\/\/www.malik-management.com\/de\/beginnende-angst-in-der-realwirtschaft\/","name":"Beginnende Angst in der Realwirtschaft - Malik Management","isPartOf":{"@id":"https:\/\/www.malik-management.com\/de\/#website"},"datePublished":"2011-09-24T09:14:13+00:00","breadcrumb":{"@id":"https:\/\/www.malik-management.com\/de\/beginnende-angst-in-der-realwirtschaft\/#breadcrumb"},"inLanguage":"de","potentialAction":[{"@type":"ReadAction","target":["https:\/\/www.malik-management.com\/de\/beginnende-angst-in-der-realwirtschaft\/"]}]},{"@type":"BreadcrumbList","@id":"https:\/\/www.malik-management.com\/de\/beginnende-angst-in-der-realwirtschaft\/#breadcrumb","itemListElement":[{"@type":"ListItem","position":1,"name":"Home","item":"https:\/\/www.malik-management.com\/de\/"},{"@type":"ListItem","position":2,"name":"Beginnende Angst in der Realwirtschaft"}]},{"@type":"WebSite","@id":"https:\/\/www.malik-management.com\/de\/#website","url":"https:\/\/www.malik-management.com\/de\/","name":"Malik Management","description":"Beyond conventional management","publisher":{"@id":"https:\/\/www.malik-management.com\/de\/#organization"},"potentialAction":[{"@type":"SearchAction","target":{"@type":"EntryPoint","urlTemplate":"https:\/\/www.malik-management.com\/de\/?s={search_term_string}"},"query-input":{"@type":"PropertyValueSpecification","valueRequired":true,"valueName":"search_term_string"}}],"inLanguage":"de"},{"@type":"Organization","@id":"https:\/\/www.malik-management.com\/de\/#organization","name":"malik international AG","url":"https:\/\/www.malik-management.com\/de\/","logo":{"@type":"ImageObject","inLanguage":"de","@id":"https:\/\/www.malik-management.com\/de\/#\/schema\/logo\/image\/","url":"https:\/\/www.malik-management.com\/wp-content\/uploads\/2018\/09\/Logo_malik_weiss-klein3.png","contentUrl":"https:\/\/www.malik-management.com\/wp-content\/uploads\/2018\/09\/Logo_malik_weiss-klein3.png","width":140,"height":41,"caption":"malik international AG"},"image":{"@id":"https:\/\/www.malik-management.com\/de\/#\/schema\/logo\/image\/"},"sameAs":["https:\/\/www.linkedin.com\/company\/30160","https:\/\/www.youtube.com\/user\/malikmanagement"]},{"@type":"Person","@id":"https:\/\/www.malik-management.com\/de\/#\/schema\/person\/91fa82099f35691c4bab52d1f1a81a75","name":"Fredmund Malik","image":{"@type":"ImageObject","inLanguage":"de","@id":"https:\/\/www.malik-management.com\/de\/#\/schema\/person\/image\/","url":"https:\/\/secure.gravatar.com\/avatar\/c3e7cc7ddd118be0e1666fe325eb6f40d06d9cd5b895ff464617c49bf8c7f26f?s=96&r=g","contentUrl":"https:\/\/secure.gravatar.com\/avatar\/c3e7cc7ddd118be0e1666fe325eb6f40d06d9cd5b895ff464617c49bf8c7f26f?s=96&r=g","caption":"Fredmund Malik"},"description":"\"Malik is one of the most influential business thinkers...\" (Business Week) \"Malik has become the leading expert on Management in Europe... He is a commanding figure - in theory as well as in the practice of Management.\" (Peter Drucker, Doyen of Management)","sameAs":["https:\/\/www.malik-management.com\/de\/fredmund-malik\/zur-person\/"],"url":"https:\/\/www.malik-management.com\/de\/author\/fmalik\/"}]}},"_links":{"self":[{"href":"https:\/\/www.malik-management.com\/de\/wp-json\/wp\/v2\/posts\/1413","targetHints":{"allow":["GET"]}}],"collection":[{"href":"https:\/\/www.malik-management.com\/de\/wp-json\/wp\/v2\/posts"}],"about":[{"href":"https:\/\/www.malik-management.com\/de\/wp-json\/wp\/v2\/types\/post"}],"author":[{"embeddable":true,"href":"https:\/\/www.malik-management.com\/de\/wp-json\/wp\/v2\/users\/6"}],"replies":[{"embeddable":true,"href":"https:\/\/www.malik-management.com\/de\/wp-json\/wp\/v2\/comments?post=1413"}],"version-history":[{"count":0,"href":"https:\/\/www.malik-management.com\/de\/wp-json\/wp\/v2\/posts\/1413\/revisions"}],"wp:attachment":[{"href":"https:\/\/www.malik-management.com\/de\/wp-json\/wp\/v2\/media?parent=1413"}],"wp:term":[{"taxonomy":"category","embeddable":true,"href":"https:\/\/www.malik-management.com\/de\/wp-json\/wp\/v2\/categories?post=1413"},{"taxonomy":"post_tag","embeddable":true,"href":"https:\/\/www.malik-management.com\/de\/wp-json\/wp\/v2\/tags?post=1413"}],"curies":[{"name":"wp","href":"https:\/\/api.w.org\/{rel}","templated":true}]}}