{"id":1476,"date":"2011-10-17T21:55:29","date_gmt":"2011-10-17T19:55:29","guid":{"rendered":"http:\/\/blog.malik-management.com\/?p=1476"},"modified":"2011-10-17T21:55:29","modified_gmt":"2011-10-17T19:55:29","slug":"deflations-kenntnisse-gegen-null","status":"publish","type":"post","link":"https:\/\/www.malik-management.com\/de\/deflations-kenntnisse-gegen-null\/","title":{"rendered":"Krisen-Beurteilungsf\u00e4higkeit geht gegen Null"},"content":{"rendered":"<p><strong><\/strong>In den sonnt\u00e4glich Zeitungen und Fernsehsendungen waren die Selbstbezeugungen v\u00f6lliger Unkenntnis der heutigen Lage drastisch wie selten zuvor. Ich habe nicht einen einzigen Kommentar kennengelernt, der richtig gewesen w\u00e4re, gebe aber zu, dass ich nicht alle Medien konsumieren kann, die die wichtigsten aber schon.<\/p>\n","protected":false},"excerpt":{"rendered":"<p>In den sonnt\u00e4glich Zeitungen und Fernsehsendungen waren die Selbstbezeugungen v\u00f6lliger Unkenntnis der heutigen Lage drastisch wie selten zuvor. Ich habe nicht einen einzigen Kommentar kennengelernt, der richtig gewesen w\u00e4re, gebe aber zu, dass ich nicht alle Medien konsumieren kann, die die wichtigsten aber schon.<\/p>\n","protected":false},"author":6,"featured_media":0,"comment_status":"open","ping_status":"open","sticky":false,"template":"","format":"standard","meta":{"_acf_changed":false,"_bbp_topic_count":0,"_bbp_reply_count":0,"_bbp_total_topic_count":0,"_bbp_total_reply_count":0,"_bbp_voice_count":0,"_bbp_anonymous_reply_count":0,"_bbp_topic_count_hidden":0,"_bbp_reply_count_hidden":0,"_bbp_forum_subforum_count":0,"footnotes":""},"categories":[141],"tags":[],"class_list":["post-1476","post","type-post","status-publish","format-standard","hentry","category-kategorie-allgemein"],"acf":[],"yoast_head":"<!-- This site is optimized with the Yoast SEO plugin v26.4 - https:\/\/yoast.com\/wordpress\/plugins\/seo\/ -->\n<title>Krisen-Beurteilungsf\u00e4higkeit geht gegen Null - Malik Management<\/title>\n<meta name=\"robots\" content=\"index, follow, max-snippet:-1, max-image-preview:large, max-video-preview:-1\" \/>\n<link rel=\"canonical\" href=\"https:\/\/www.malik-management.com\/de\/deflations-kenntnisse-gegen-null\/\" \/>\n<meta property=\"og:locale\" content=\"de_DE\" \/>\n<meta property=\"og:type\" content=\"article\" \/>\n<meta property=\"og:title\" content=\"Krisen-Beurteilungsf\u00e4higkeit geht gegen Null - Malik Management\" \/>\n<meta property=\"og:description\" content=\"In den sonnt\u00e4glich Zeitungen und Fernsehsendungen waren die Selbstbezeugungen v\u00f6lliger Unkenntnis der heutigen Lage drastisch wie selten zuvor. Ich habe nicht einen einzigen Kommentar kennengelernt, der richtig gewesen w\u00e4re, gebe aber zu, dass ich nicht alle Medien konsumieren kann, die die wichtigsten aber schon.\" \/>\n<meta property=\"og:url\" content=\"https:\/\/www.malik-management.com\/de\/deflations-kenntnisse-gegen-null\/\" \/>\n<meta property=\"og:site_name\" content=\"Malik Management\" \/>\n<meta property=\"article:published_time\" content=\"2011-10-17T19:55:29+00:00\" \/>\n<meta name=\"author\" content=\"Fredmund Malik\" \/>\n<meta name=\"twitter:card\" content=\"summary_large_image\" \/>\n<meta name=\"twitter:label1\" content=\"Verfasst von\" \/>\n\t<meta name=\"twitter:data1\" content=\"Fredmund Malik\" \/>\n<script type=\"application\/ld+json\" class=\"yoast-schema-graph\">{\"@context\":\"https:\/\/schema.org\",\"@graph\":[{\"@type\":\"Article\",\"@id\":\"https:\/\/www.malik-management.com\/de\/deflations-kenntnisse-gegen-null\/#article\",\"isPartOf\":{\"@id\":\"https:\/\/www.malik-management.com\/de\/deflations-kenntnisse-gegen-null\/\"},\"author\":{\"name\":\"Fredmund Malik\",\"@id\":\"https:\/\/www.malik-management.com\/de\/#\/schema\/person\/91fa82099f35691c4bab52d1f1a81a75\"},\"headline\":\"Krisen-Beurteilungsf\u00e4higkeit geht gegen Null\",\"datePublished\":\"2011-10-17T19:55:29+00:00\",\"mainEntityOfPage\":{\"@id\":\"https:\/\/www.malik-management.com\/de\/deflations-kenntnisse-gegen-null\/\"},\"wordCount\":52,\"commentCount\":95,\"publisher\":{\"@id\":\"https:\/\/www.malik-management.com\/de\/#organization\"},\"inLanguage\":\"de\",\"potentialAction\":[{\"@type\":\"CommentAction\",\"name\":\"Comment\",\"target\":[\"https:\/\/www.malik-management.com\/de\/deflations-kenntnisse-gegen-null\/#respond\"]}]},{\"@type\":\"WebPage\",\"@id\":\"https:\/\/www.malik-management.com\/de\/deflations-kenntnisse-gegen-null\/\",\"url\":\"https:\/\/www.malik-management.com\/de\/deflations-kenntnisse-gegen-null\/\",\"name\":\"Krisen-Beurteilungsf\u00e4higkeit geht gegen Null - Malik Management\",\"isPartOf\":{\"@id\":\"https:\/\/www.malik-management.com\/de\/#website\"},\"datePublished\":\"2011-10-17T19:55:29+00:00\",\"breadcrumb\":{\"@id\":\"https:\/\/www.malik-management.com\/de\/deflations-kenntnisse-gegen-null\/#breadcrumb\"},\"inLanguage\":\"de\",\"potentialAction\":[{\"@type\":\"ReadAction\",\"target\":[\"https:\/\/www.malik-management.com\/de\/deflations-kenntnisse-gegen-null\/\"]}]},{\"@type\":\"BreadcrumbList\",\"@id\":\"https:\/\/www.malik-management.com\/de\/deflations-kenntnisse-gegen-null\/#breadcrumb\",\"itemListElement\":[{\"@type\":\"ListItem\",\"position\":1,\"name\":\"Home\",\"item\":\"https:\/\/www.malik-management.com\/de\/\"},{\"@type\":\"ListItem\",\"position\":2,\"name\":\"Krisen-Beurteilungsf\u00e4higkeit geht gegen Null\"}]},{\"@type\":\"WebSite\",\"@id\":\"https:\/\/www.malik-management.com\/de\/#website\",\"url\":\"https:\/\/www.malik-management.com\/de\/\",\"name\":\"Malik Management\",\"description\":\"Beyond conventional management\",\"publisher\":{\"@id\":\"https:\/\/www.malik-management.com\/de\/#organization\"},\"potentialAction\":[{\"@type\":\"SearchAction\",\"target\":{\"@type\":\"EntryPoint\",\"urlTemplate\":\"https:\/\/www.malik-management.com\/de\/?s={search_term_string}\"},\"query-input\":{\"@type\":\"PropertyValueSpecification\",\"valueRequired\":true,\"valueName\":\"search_term_string\"}}],\"inLanguage\":\"de\"},{\"@type\":\"Organization\",\"@id\":\"https:\/\/www.malik-management.com\/de\/#organization\",\"name\":\"malik international AG\",\"url\":\"https:\/\/www.malik-management.com\/de\/\",\"logo\":{\"@type\":\"ImageObject\",\"inLanguage\":\"de\",\"@id\":\"https:\/\/www.malik-management.com\/de\/#\/schema\/logo\/image\/\",\"url\":\"https:\/\/www.malik-management.com\/wp-content\/uploads\/2018\/09\/Logo_malik_weiss-klein3.png\",\"contentUrl\":\"https:\/\/www.malik-management.com\/wp-content\/uploads\/2018\/09\/Logo_malik_weiss-klein3.png\",\"width\":140,\"height\":41,\"caption\":\"malik international AG\"},\"image\":{\"@id\":\"https:\/\/www.malik-management.com\/de\/#\/schema\/logo\/image\/\"},\"sameAs\":[\"https:\/\/www.linkedin.com\/company\/30160\",\"https:\/\/www.youtube.com\/user\/malikmanagement\"]},{\"@type\":\"Person\",\"@id\":\"https:\/\/www.malik-management.com\/de\/#\/schema\/person\/91fa82099f35691c4bab52d1f1a81a75\",\"name\":\"Fredmund Malik\",\"image\":{\"@type\":\"ImageObject\",\"inLanguage\":\"de\",\"@id\":\"https:\/\/www.malik-management.com\/de\/#\/schema\/person\/image\/\",\"url\":\"https:\/\/secure.gravatar.com\/avatar\/c3e7cc7ddd118be0e1666fe325eb6f40d06d9cd5b895ff464617c49bf8c7f26f?s=96&r=g\",\"contentUrl\":\"https:\/\/secure.gravatar.com\/avatar\/c3e7cc7ddd118be0e1666fe325eb6f40d06d9cd5b895ff464617c49bf8c7f26f?s=96&r=g\",\"caption\":\"Fredmund Malik\"},\"description\":\"\\\"Malik is one of the most influential business thinkers...\\\" (Business Week) \\\"Malik has become the leading expert on Management in Europe... He is a commanding figure - in theory as well as in the practice of Management.\\\" (Peter Drucker, Doyen of Management)\",\"sameAs\":[\"https:\/\/www.malik-management.com\/de\/fredmund-malik\/zur-person\/\"],\"url\":\"https:\/\/www.malik-management.com\/de\/author\/fmalik\/\"}]}<\/script>\n<!-- \/ Yoast SEO plugin. -->","yoast_head_json":{"title":"Krisen-Beurteilungsf\u00e4higkeit geht gegen Null - Malik Management","robots":{"index":"index","follow":"follow","max-snippet":"max-snippet:-1","max-image-preview":"max-image-preview:large","max-video-preview":"max-video-preview:-1"},"canonical":"https:\/\/www.malik-management.com\/de\/deflations-kenntnisse-gegen-null\/","og_locale":"de_DE","og_type":"article","og_title":"Krisen-Beurteilungsf\u00e4higkeit geht gegen Null - Malik Management","og_description":"In den sonnt\u00e4glich Zeitungen und Fernsehsendungen waren die Selbstbezeugungen v\u00f6lliger Unkenntnis der heutigen Lage drastisch wie selten zuvor. Ich habe nicht einen einzigen Kommentar kennengelernt, der richtig gewesen w\u00e4re, gebe aber zu, dass ich nicht alle Medien konsumieren kann, die die wichtigsten aber schon.","og_url":"https:\/\/www.malik-management.com\/de\/deflations-kenntnisse-gegen-null\/","og_site_name":"Malik Management","article_published_time":"2011-10-17T19:55:29+00:00","author":"Fredmund Malik","twitter_card":"summary_large_image","twitter_misc":{"Verfasst von":"Fredmund Malik"},"schema":{"@context":"https:\/\/schema.org","@graph":[{"@type":"Article","@id":"https:\/\/www.malik-management.com\/de\/deflations-kenntnisse-gegen-null\/#article","isPartOf":{"@id":"https:\/\/www.malik-management.com\/de\/deflations-kenntnisse-gegen-null\/"},"author":{"name":"Fredmund Malik","@id":"https:\/\/www.malik-management.com\/de\/#\/schema\/person\/91fa82099f35691c4bab52d1f1a81a75"},"headline":"Krisen-Beurteilungsf\u00e4higkeit geht gegen Null","datePublished":"2011-10-17T19:55:29+00:00","mainEntityOfPage":{"@id":"https:\/\/www.malik-management.com\/de\/deflations-kenntnisse-gegen-null\/"},"wordCount":52,"commentCount":95,"publisher":{"@id":"https:\/\/www.malik-management.com\/de\/#organization"},"inLanguage":"de","potentialAction":[{"@type":"CommentAction","name":"Comment","target":["https:\/\/www.malik-management.com\/de\/deflations-kenntnisse-gegen-null\/#respond"]}]},{"@type":"WebPage","@id":"https:\/\/www.malik-management.com\/de\/deflations-kenntnisse-gegen-null\/","url":"https:\/\/www.malik-management.com\/de\/deflations-kenntnisse-gegen-null\/","name":"Krisen-Beurteilungsf\u00e4higkeit geht gegen Null - Malik Management","isPartOf":{"@id":"https:\/\/www.malik-management.com\/de\/#website"},"datePublished":"2011-10-17T19:55:29+00:00","breadcrumb":{"@id":"https:\/\/www.malik-management.com\/de\/deflations-kenntnisse-gegen-null\/#breadcrumb"},"inLanguage":"de","potentialAction":[{"@type":"ReadAction","target":["https:\/\/www.malik-management.com\/de\/deflations-kenntnisse-gegen-null\/"]}]},{"@type":"BreadcrumbList","@id":"https:\/\/www.malik-management.com\/de\/deflations-kenntnisse-gegen-null\/#breadcrumb","itemListElement":[{"@type":"ListItem","position":1,"name":"Home","item":"https:\/\/www.malik-management.com\/de\/"},{"@type":"ListItem","position":2,"name":"Krisen-Beurteilungsf\u00e4higkeit geht gegen Null"}]},{"@type":"WebSite","@id":"https:\/\/www.malik-management.com\/de\/#website","url":"https:\/\/www.malik-management.com\/de\/","name":"Malik Management","description":"Beyond conventional management","publisher":{"@id":"https:\/\/www.malik-management.com\/de\/#organization"},"potentialAction":[{"@type":"SearchAction","target":{"@type":"EntryPoint","urlTemplate":"https:\/\/www.malik-management.com\/de\/?s={search_term_string}"},"query-input":{"@type":"PropertyValueSpecification","valueRequired":true,"valueName":"search_term_string"}}],"inLanguage":"de"},{"@type":"Organization","@id":"https:\/\/www.malik-management.com\/de\/#organization","name":"malik international AG","url":"https:\/\/www.malik-management.com\/de\/","logo":{"@type":"ImageObject","inLanguage":"de","@id":"https:\/\/www.malik-management.com\/de\/#\/schema\/logo\/image\/","url":"https:\/\/www.malik-management.com\/wp-content\/uploads\/2018\/09\/Logo_malik_weiss-klein3.png","contentUrl":"https:\/\/www.malik-management.com\/wp-content\/uploads\/2018\/09\/Logo_malik_weiss-klein3.png","width":140,"height":41,"caption":"malik international AG"},"image":{"@id":"https:\/\/www.malik-management.com\/de\/#\/schema\/logo\/image\/"},"sameAs":["https:\/\/www.linkedin.com\/company\/30160","https:\/\/www.youtube.com\/user\/malikmanagement"]},{"@type":"Person","@id":"https:\/\/www.malik-management.com\/de\/#\/schema\/person\/91fa82099f35691c4bab52d1f1a81a75","name":"Fredmund Malik","image":{"@type":"ImageObject","inLanguage":"de","@id":"https:\/\/www.malik-management.com\/de\/#\/schema\/person\/image\/","url":"https:\/\/secure.gravatar.com\/avatar\/c3e7cc7ddd118be0e1666fe325eb6f40d06d9cd5b895ff464617c49bf8c7f26f?s=96&r=g","contentUrl":"https:\/\/secure.gravatar.com\/avatar\/c3e7cc7ddd118be0e1666fe325eb6f40d06d9cd5b895ff464617c49bf8c7f26f?s=96&r=g","caption":"Fredmund Malik"},"description":"\"Malik is one of the most influential business thinkers...\" (Business Week) \"Malik has become the leading expert on Management in Europe... He is a commanding figure - in theory as well as in the practice of Management.\" (Peter Drucker, Doyen of Management)","sameAs":["https:\/\/www.malik-management.com\/de\/fredmund-malik\/zur-person\/"],"url":"https:\/\/www.malik-management.com\/de\/author\/fmalik\/"}]}},"_links":{"self":[{"href":"https:\/\/www.malik-management.com\/de\/wp-json\/wp\/v2\/posts\/1476","targetHints":{"allow":["GET"]}}],"collection":[{"href":"https:\/\/www.malik-management.com\/de\/wp-json\/wp\/v2\/posts"}],"about":[{"href":"https:\/\/www.malik-management.com\/de\/wp-json\/wp\/v2\/types\/post"}],"author":[{"embeddable":true,"href":"https:\/\/www.malik-management.com\/de\/wp-json\/wp\/v2\/users\/6"}],"replies":[{"embeddable":true,"href":"https:\/\/www.malik-management.com\/de\/wp-json\/wp\/v2\/comments?post=1476"}],"version-history":[{"count":0,"href":"https:\/\/www.malik-management.com\/de\/wp-json\/wp\/v2\/posts\/1476\/revisions"}],"wp:attachment":[{"href":"https:\/\/www.malik-management.com\/de\/wp-json\/wp\/v2\/media?parent=1476"}],"wp:term":[{"taxonomy":"category","embeddable":true,"href":"https:\/\/www.malik-management.com\/de\/wp-json\/wp\/v2\/categories?post=1476"},{"taxonomy":"post_tag","embeddable":true,"href":"https:\/\/www.malik-management.com\/de\/wp-json\/wp\/v2\/tags?post=1476"}],"curies":[{"name":"wp","href":"https:\/\/api.w.org\/{rel}","templated":true}]}}