{"id":1530,"date":"2011-11-11T08:07:26","date_gmt":"2011-11-11T07:07:26","guid":{"rendered":"http:\/\/blog.malik-management.com\/?p=1530"},"modified":"2011-11-11T08:07:26","modified_gmt":"2011-11-11T07:07:26","slug":"oekononomie-eine-der-ursachen-auch-die-loesung","status":"publish","type":"post","link":"https:\/\/www.malik-management.com\/de\/oekononomie-eine-der-ursachen-auch-die-loesung\/","title":{"rendered":"\u00d6kononomie, eine der Ursachen. Auch die L\u00f6sung?"},"content":{"rendered":"<p><strong><\/strong>Die \u00d6konomie ist eine der massgeblichen Ursachen der Schuldenkrise. Wie kann dieselbe \u00d6konomie dann auch die L\u00f6sung sein? Die bisherigen \u00f6konomischen Massnahmen haben wenig bewirkt, jedoch neue Schadenpotentiale in Form von weiteren Schuldenbergen geschaffen. Nun sind \u00d6konomen auch zu Regierungschefs geworden. Das Muster ist klar: Mehr vom selben. Wenn dies nicht wirkt, dann noch mehr vom selben. Und wenn auch das nicht wirkt, dann noch mehr vom selben.<br \/>\nEine der m\u00e4chtigsten L\u00f6sungen ist bisher noch nicht erkannt: Ein neues Funktionieren der Millionen von Organisationen, die n\u00f6tig sind, um andere Massnahmen, auch andere \u00f6konomische Massnahmen umzusetzen.<\/p>\n","protected":false},"excerpt":{"rendered":"<p>Die \u00d6konomie ist eine der massgeblichen Ursachen der Schuldenkrise. Wie kann dieselbe \u00d6konomie dann auch die L\u00f6sung sein? Die bisherigen \u00f6konomischen Massnahmen haben wenig bewirkt, jedoch neue Schadenpotentiale in Form von weiteren Schuldenbergen geschaffen. Nun sind \u00d6konomen auch zu Regierungschefs geworden. Das Muster ist klar: Mehr vom selben. Wenn dies nicht wirkt, dann noch mehr vom selben. Und wenn auch  [&#8230;]<\/p>\n","protected":false},"author":6,"featured_media":0,"comment_status":"open","ping_status":"open","sticky":false,"template":"","format":"standard","meta":{"_acf_changed":false,"_bbp_topic_count":0,"_bbp_reply_count":0,"_bbp_total_topic_count":0,"_bbp_total_reply_count":0,"_bbp_voice_count":0,"_bbp_anonymous_reply_count":0,"_bbp_topic_count_hidden":0,"_bbp_reply_count_hidden":0,"_bbp_forum_subforum_count":0,"footnotes":""},"categories":[141],"tags":[],"class_list":["post-1530","post","type-post","status-publish","format-standard","hentry","category-kategorie-allgemein"],"acf":[],"yoast_head":"<!-- This site is optimized with the Yoast SEO plugin v26.4 - https:\/\/yoast.com\/wordpress\/plugins\/seo\/ -->\n<title>\u00d6kononomie, eine der Ursachen. Auch die L\u00f6sung? - Malik Management<\/title>\n<meta name=\"robots\" content=\"index, follow, max-snippet:-1, max-image-preview:large, max-video-preview:-1\" \/>\n<link rel=\"canonical\" href=\"https:\/\/www.malik-management.com\/de\/oekononomie-eine-der-ursachen-auch-die-loesung\/\" \/>\n<meta property=\"og:locale\" content=\"de_DE\" \/>\n<meta property=\"og:type\" content=\"article\" \/>\n<meta property=\"og:title\" content=\"\u00d6kononomie, eine der Ursachen. Auch die L\u00f6sung? - Malik Management\" \/>\n<meta property=\"og:description\" content=\"Die \u00d6konomie ist eine der massgeblichen Ursachen der Schuldenkrise. Wie kann dieselbe \u00d6konomie dann auch die L\u00f6sung sein? Die bisherigen \u00f6konomischen Massnahmen haben wenig bewirkt, jedoch neue Schadenpotentiale in Form von weiteren Schuldenbergen geschaffen. Nun sind \u00d6konomen auch zu Regierungschefs geworden. Das Muster ist klar: Mehr vom selben. Wenn dies nicht wirkt, dann noch mehr vom selben. Und wenn auch [...]\" \/>\n<meta property=\"og:url\" content=\"https:\/\/www.malik-management.com\/de\/oekononomie-eine-der-ursachen-auch-die-loesung\/\" \/>\n<meta property=\"og:site_name\" content=\"Malik Management\" \/>\n<meta property=\"article:published_time\" content=\"2011-11-11T07:07:26+00:00\" \/>\n<meta name=\"author\" content=\"Fredmund Malik\" \/>\n<meta name=\"twitter:card\" content=\"summary_large_image\" \/>\n<meta name=\"twitter:label1\" content=\"Verfasst von\" \/>\n\t<meta name=\"twitter:data1\" content=\"Fredmund Malik\" \/>\n<script type=\"application\/ld+json\" class=\"yoast-schema-graph\">{\"@context\":\"https:\/\/schema.org\",\"@graph\":[{\"@type\":\"Article\",\"@id\":\"https:\/\/www.malik-management.com\/de\/oekononomie-eine-der-ursachen-auch-die-loesung\/#article\",\"isPartOf\":{\"@id\":\"https:\/\/www.malik-management.com\/de\/oekononomie-eine-der-ursachen-auch-die-loesung\/\"},\"author\":{\"name\":\"Fredmund Malik\",\"@id\":\"https:\/\/www.malik-management.com\/de\/#\/schema\/person\/91fa82099f35691c4bab52d1f1a81a75\"},\"headline\":\"\u00d6kononomie, eine der Ursachen. Auch die L\u00f6sung?\",\"datePublished\":\"2011-11-11T07:07:26+00:00\",\"mainEntityOfPage\":{\"@id\":\"https:\/\/www.malik-management.com\/de\/oekononomie-eine-der-ursachen-auch-die-loesung\/\"},\"wordCount\":107,\"commentCount\":4,\"publisher\":{\"@id\":\"https:\/\/www.malik-management.com\/de\/#organization\"},\"inLanguage\":\"de\",\"potentialAction\":[{\"@type\":\"CommentAction\",\"name\":\"Comment\",\"target\":[\"https:\/\/www.malik-management.com\/de\/oekononomie-eine-der-ursachen-auch-die-loesung\/#respond\"]}]},{\"@type\":\"WebPage\",\"@id\":\"https:\/\/www.malik-management.com\/de\/oekononomie-eine-der-ursachen-auch-die-loesung\/\",\"url\":\"https:\/\/www.malik-management.com\/de\/oekononomie-eine-der-ursachen-auch-die-loesung\/\",\"name\":\"\u00d6kononomie, eine der Ursachen. Auch die L\u00f6sung? - Malik Management\",\"isPartOf\":{\"@id\":\"https:\/\/www.malik-management.com\/de\/#website\"},\"datePublished\":\"2011-11-11T07:07:26+00:00\",\"breadcrumb\":{\"@id\":\"https:\/\/www.malik-management.com\/de\/oekononomie-eine-der-ursachen-auch-die-loesung\/#breadcrumb\"},\"inLanguage\":\"de\",\"potentialAction\":[{\"@type\":\"ReadAction\",\"target\":[\"https:\/\/www.malik-management.com\/de\/oekononomie-eine-der-ursachen-auch-die-loesung\/\"]}]},{\"@type\":\"BreadcrumbList\",\"@id\":\"https:\/\/www.malik-management.com\/de\/oekononomie-eine-der-ursachen-auch-die-loesung\/#breadcrumb\",\"itemListElement\":[{\"@type\":\"ListItem\",\"position\":1,\"name\":\"Home\",\"item\":\"https:\/\/www.malik-management.com\/de\/\"},{\"@type\":\"ListItem\",\"position\":2,\"name\":\"\u00d6kononomie, eine der Ursachen. Auch die L\u00f6sung?\"}]},{\"@type\":\"WebSite\",\"@id\":\"https:\/\/www.malik-management.com\/de\/#website\",\"url\":\"https:\/\/www.malik-management.com\/de\/\",\"name\":\"Malik Management\",\"description\":\"Beyond conventional management\",\"publisher\":{\"@id\":\"https:\/\/www.malik-management.com\/de\/#organization\"},\"potentialAction\":[{\"@type\":\"SearchAction\",\"target\":{\"@type\":\"EntryPoint\",\"urlTemplate\":\"https:\/\/www.malik-management.com\/de\/?s={search_term_string}\"},\"query-input\":{\"@type\":\"PropertyValueSpecification\",\"valueRequired\":true,\"valueName\":\"search_term_string\"}}],\"inLanguage\":\"de\"},{\"@type\":\"Organization\",\"@id\":\"https:\/\/www.malik-management.com\/de\/#organization\",\"name\":\"malik international AG\",\"url\":\"https:\/\/www.malik-management.com\/de\/\",\"logo\":{\"@type\":\"ImageObject\",\"inLanguage\":\"de\",\"@id\":\"https:\/\/www.malik-management.com\/de\/#\/schema\/logo\/image\/\",\"url\":\"https:\/\/www.malik-management.com\/wp-content\/uploads\/2018\/09\/Logo_malik_weiss-klein3.png\",\"contentUrl\":\"https:\/\/www.malik-management.com\/wp-content\/uploads\/2018\/09\/Logo_malik_weiss-klein3.png\",\"width\":140,\"height\":41,\"caption\":\"malik international AG\"},\"image\":{\"@id\":\"https:\/\/www.malik-management.com\/de\/#\/schema\/logo\/image\/\"},\"sameAs\":[\"https:\/\/www.linkedin.com\/company\/30160\",\"https:\/\/www.youtube.com\/user\/malikmanagement\"]},{\"@type\":\"Person\",\"@id\":\"https:\/\/www.malik-management.com\/de\/#\/schema\/person\/91fa82099f35691c4bab52d1f1a81a75\",\"name\":\"Fredmund Malik\",\"image\":{\"@type\":\"ImageObject\",\"inLanguage\":\"de\",\"@id\":\"https:\/\/www.malik-management.com\/de\/#\/schema\/person\/image\/\",\"url\":\"https:\/\/secure.gravatar.com\/avatar\/c3e7cc7ddd118be0e1666fe325eb6f40d06d9cd5b895ff464617c49bf8c7f26f?s=96&r=g\",\"contentUrl\":\"https:\/\/secure.gravatar.com\/avatar\/c3e7cc7ddd118be0e1666fe325eb6f40d06d9cd5b895ff464617c49bf8c7f26f?s=96&r=g\",\"caption\":\"Fredmund Malik\"},\"description\":\"\\\"Malik is one of the most influential business thinkers...\\\" (Business Week) \\\"Malik has become the leading expert on Management in Europe... He is a commanding figure - in theory as well as in the practice of Management.\\\" (Peter Drucker, Doyen of Management)\",\"sameAs\":[\"https:\/\/www.malik-management.com\/de\/fredmund-malik\/zur-person\/\"],\"url\":\"https:\/\/www.malik-management.com\/de\/author\/fmalik\/\"}]}<\/script>\n<!-- \/ Yoast SEO plugin. -->","yoast_head_json":{"title":"\u00d6kononomie, eine der Ursachen. Auch die L\u00f6sung? - Malik Management","robots":{"index":"index","follow":"follow","max-snippet":"max-snippet:-1","max-image-preview":"max-image-preview:large","max-video-preview":"max-video-preview:-1"},"canonical":"https:\/\/www.malik-management.com\/de\/oekononomie-eine-der-ursachen-auch-die-loesung\/","og_locale":"de_DE","og_type":"article","og_title":"\u00d6kononomie, eine der Ursachen. Auch die L\u00f6sung? - Malik Management","og_description":"Die \u00d6konomie ist eine der massgeblichen Ursachen der Schuldenkrise. Wie kann dieselbe \u00d6konomie dann auch die L\u00f6sung sein? Die bisherigen \u00f6konomischen Massnahmen haben wenig bewirkt, jedoch neue Schadenpotentiale in Form von weiteren Schuldenbergen geschaffen. Nun sind \u00d6konomen auch zu Regierungschefs geworden. Das Muster ist klar: Mehr vom selben. Wenn dies nicht wirkt, dann noch mehr vom selben. Und wenn auch [...]","og_url":"https:\/\/www.malik-management.com\/de\/oekononomie-eine-der-ursachen-auch-die-loesung\/","og_site_name":"Malik Management","article_published_time":"2011-11-11T07:07:26+00:00","author":"Fredmund Malik","twitter_card":"summary_large_image","twitter_misc":{"Verfasst von":"Fredmund Malik"},"schema":{"@context":"https:\/\/schema.org","@graph":[{"@type":"Article","@id":"https:\/\/www.malik-management.com\/de\/oekononomie-eine-der-ursachen-auch-die-loesung\/#article","isPartOf":{"@id":"https:\/\/www.malik-management.com\/de\/oekononomie-eine-der-ursachen-auch-die-loesung\/"},"author":{"name":"Fredmund Malik","@id":"https:\/\/www.malik-management.com\/de\/#\/schema\/person\/91fa82099f35691c4bab52d1f1a81a75"},"headline":"\u00d6kononomie, eine der Ursachen. Auch die L\u00f6sung?","datePublished":"2011-11-11T07:07:26+00:00","mainEntityOfPage":{"@id":"https:\/\/www.malik-management.com\/de\/oekononomie-eine-der-ursachen-auch-die-loesung\/"},"wordCount":107,"commentCount":4,"publisher":{"@id":"https:\/\/www.malik-management.com\/de\/#organization"},"inLanguage":"de","potentialAction":[{"@type":"CommentAction","name":"Comment","target":["https:\/\/www.malik-management.com\/de\/oekononomie-eine-der-ursachen-auch-die-loesung\/#respond"]}]},{"@type":"WebPage","@id":"https:\/\/www.malik-management.com\/de\/oekononomie-eine-der-ursachen-auch-die-loesung\/","url":"https:\/\/www.malik-management.com\/de\/oekononomie-eine-der-ursachen-auch-die-loesung\/","name":"\u00d6kononomie, eine der Ursachen. Auch die L\u00f6sung? - Malik Management","isPartOf":{"@id":"https:\/\/www.malik-management.com\/de\/#website"},"datePublished":"2011-11-11T07:07:26+00:00","breadcrumb":{"@id":"https:\/\/www.malik-management.com\/de\/oekononomie-eine-der-ursachen-auch-die-loesung\/#breadcrumb"},"inLanguage":"de","potentialAction":[{"@type":"ReadAction","target":["https:\/\/www.malik-management.com\/de\/oekononomie-eine-der-ursachen-auch-die-loesung\/"]}]},{"@type":"BreadcrumbList","@id":"https:\/\/www.malik-management.com\/de\/oekononomie-eine-der-ursachen-auch-die-loesung\/#breadcrumb","itemListElement":[{"@type":"ListItem","position":1,"name":"Home","item":"https:\/\/www.malik-management.com\/de\/"},{"@type":"ListItem","position":2,"name":"\u00d6kononomie, eine der Ursachen. Auch die L\u00f6sung?"}]},{"@type":"WebSite","@id":"https:\/\/www.malik-management.com\/de\/#website","url":"https:\/\/www.malik-management.com\/de\/","name":"Malik Management","description":"Beyond conventional management","publisher":{"@id":"https:\/\/www.malik-management.com\/de\/#organization"},"potentialAction":[{"@type":"SearchAction","target":{"@type":"EntryPoint","urlTemplate":"https:\/\/www.malik-management.com\/de\/?s={search_term_string}"},"query-input":{"@type":"PropertyValueSpecification","valueRequired":true,"valueName":"search_term_string"}}],"inLanguage":"de"},{"@type":"Organization","@id":"https:\/\/www.malik-management.com\/de\/#organization","name":"malik international AG","url":"https:\/\/www.malik-management.com\/de\/","logo":{"@type":"ImageObject","inLanguage":"de","@id":"https:\/\/www.malik-management.com\/de\/#\/schema\/logo\/image\/","url":"https:\/\/www.malik-management.com\/wp-content\/uploads\/2018\/09\/Logo_malik_weiss-klein3.png","contentUrl":"https:\/\/www.malik-management.com\/wp-content\/uploads\/2018\/09\/Logo_malik_weiss-klein3.png","width":140,"height":41,"caption":"malik international AG"},"image":{"@id":"https:\/\/www.malik-management.com\/de\/#\/schema\/logo\/image\/"},"sameAs":["https:\/\/www.linkedin.com\/company\/30160","https:\/\/www.youtube.com\/user\/malikmanagement"]},{"@type":"Person","@id":"https:\/\/www.malik-management.com\/de\/#\/schema\/person\/91fa82099f35691c4bab52d1f1a81a75","name":"Fredmund Malik","image":{"@type":"ImageObject","inLanguage":"de","@id":"https:\/\/www.malik-management.com\/de\/#\/schema\/person\/image\/","url":"https:\/\/secure.gravatar.com\/avatar\/c3e7cc7ddd118be0e1666fe325eb6f40d06d9cd5b895ff464617c49bf8c7f26f?s=96&r=g","contentUrl":"https:\/\/secure.gravatar.com\/avatar\/c3e7cc7ddd118be0e1666fe325eb6f40d06d9cd5b895ff464617c49bf8c7f26f?s=96&r=g","caption":"Fredmund Malik"},"description":"\"Malik is one of the most influential business thinkers...\" (Business Week) \"Malik has become the leading expert on Management in Europe... He is a commanding figure - in theory as well as in the practice of Management.\" (Peter Drucker, Doyen of Management)","sameAs":["https:\/\/www.malik-management.com\/de\/fredmund-malik\/zur-person\/"],"url":"https:\/\/www.malik-management.com\/de\/author\/fmalik\/"}]}},"_links":{"self":[{"href":"https:\/\/www.malik-management.com\/de\/wp-json\/wp\/v2\/posts\/1530","targetHints":{"allow":["GET"]}}],"collection":[{"href":"https:\/\/www.malik-management.com\/de\/wp-json\/wp\/v2\/posts"}],"about":[{"href":"https:\/\/www.malik-management.com\/de\/wp-json\/wp\/v2\/types\/post"}],"author":[{"embeddable":true,"href":"https:\/\/www.malik-management.com\/de\/wp-json\/wp\/v2\/users\/6"}],"replies":[{"embeddable":true,"href":"https:\/\/www.malik-management.com\/de\/wp-json\/wp\/v2\/comments?post=1530"}],"version-history":[{"count":0,"href":"https:\/\/www.malik-management.com\/de\/wp-json\/wp\/v2\/posts\/1530\/revisions"}],"wp:attachment":[{"href":"https:\/\/www.malik-management.com\/de\/wp-json\/wp\/v2\/media?parent=1530"}],"wp:term":[{"taxonomy":"category","embeddable":true,"href":"https:\/\/www.malik-management.com\/de\/wp-json\/wp\/v2\/categories?post=1530"},{"taxonomy":"post_tag","embeddable":true,"href":"https:\/\/www.malik-management.com\/de\/wp-json\/wp\/v2\/tags?post=1530"}],"curies":[{"name":"wp","href":"https:\/\/api.w.org\/{rel}","templated":true}]}}