{"id":1561,"date":"2011-11-23T12:53:46","date_gmt":"2011-11-23T11:53:46","guid":{"rendered":"http:\/\/blog.malik-management.com\/?p=1561"},"modified":"2011-11-23T12:53:46","modified_gmt":"2011-11-23T11:53:46","slug":"wie-mangel-an-information-in-die-irre-fuehrt","status":"publish","type":"post","link":"https:\/\/www.malik-management.com\/de\/wie-mangel-an-information-in-die-irre-fuehrt\/","title":{"rendered":"Wie Mangel an Information in die Irre f\u00fchrt&#8230;"},"content":{"rendered":"<p>Der folgende Eintrag wird etwas l\u00e4nger. Das heutige Posting eines neuen Lesers, Herr Gerd Walte, will ich allen zur Kenntnis bringen, und auch meine Antwort darauf. Alles weitere \u00fcberlasse ich meinen LeserInnen.<br \/>\nDas heutige Posting von Herr Walte:<\/p>\n<blockquote><p>Sehr geehrter Herr Bernet,<br \/>\nich denke das haben Sie schon ganz richtig verstanden. Dieser Blog ist in der Tat eine Marketingmaschine f\u00fcr Herrn Malik. Die Teilnehmer dieses Blogs h\u00e4ngen an seinen Lippen, kennen aber kaum die Autoren auf die er sich eigentlich bezieht. Letztlich hat Malik alles m\u00f6gliche von Stafford Beer, G\u00e4lweiler, Ulrich, Vester, Peter Drucker u.a. zu eigenen h\u00fcbschen Darstellungen zusammen kopiert. Er hat es jedoch v\u00f6llig legal kopiert, da er von einigen Autoren die Rechte an ihren Werken gekauft hat. Die Waffe zur Rettung der Welt, die sog. Syntegration, ist bei n\u00e4herer Hinsicht ein schlechter Witz. Malik l\u00e4sst sich daf\u00fcr viel Geld bezahlen und behauptet damit die Welt retten zu k\u00f6nnen. Das k\u00f6nnen Sie allerdings wesentlich g\u00fcnstiger haben. Kaufen Sie sich das Buch Beyond Disput von Stafford Beer, das steht alles wesentliche zu diesem esoterischen Thema drin. Sie werden festellen, wie banal der Inhalt ist. Und Sie haben nat\u00fcrlich auch v\u00f6llig Recht mit Ihrem Hinweis bez\u00fcglich seiner unentgeltlichen Beitr\u00e4ge. Malik l\u00e4sst sich f\u00fcr alles vorher bezahlen !! Und Sie glauben doch nicht im Ernst, dass der Herr Professor in diesem Blog selber antwortet ?<br \/>\nmfG<br \/>\nGerd Walte<\/p><\/blockquote>\n<p>Meine Antwort von heute:<br \/>\nSehr geehrter Herr Walter, ich gratuliere zu Ihrem Mut und zu Ihrer Offenheit. Denn so viel Information wie Ihnen hat noch niemandem gefehlt. Ich gebe Ihnen aber gerne die mangelnden Bausteine. Ob diese Sie dann allerdings zu einer Meinungs\u00e4nderung bewegen, die Sie gleichermassen offen und direkt wiederum hier publizieren, bleibt ganz Ihnen \u00fcberlassen.<\/p>\n<ol>\n<li>Gerade weil die meisten Leser die Autoren nicht kennen, die wissenschaftlich zum heutigen Stand beigetragen haben, sind alle in meinen mehr als 10 B\u00fcchern, davon die meisten Best- und Longseller, in den Literaturverzeichnissen aufgef\u00fchrt &#8211; wie es sich eben geh\u00f6rt.<\/li>\n<li>Ihre Kopier-Aussage k\u00f6nnten Sie gelegentlich mal anhand von Beispielen beweisen.<\/li>\n<li>Von den meisten relevanten Autoren habe ich deren geistigen Nachl\u00e4sse erworben, weil diese sonst untergegangen w\u00e4ren. Damit konnte ich auch deren Familien helfen, aber auch den Autoren selbst. Nat\u00fcrlich k\u00f6nnen Sie nicht wissen, wer z. B. die Kosten f\u00fcr Stafford Beers sp\u00e4te Lebensjahre und dessen Krankheit getragen hat. Das geht niemanden etwas an.<\/li>\n<li>Wenn Sie meinen, unsere Syntegration sei nach mehr als 550 ausnahmslos sensationell erfolgreichen Anwendungen ein &#8222;schlechter\u00a0 Witz&#8220;, dann lade ich Sie gerne ein, die Anwender selbst zu kontaktieren, sich vorher die Videos anzusehen und Ergebnisse zu studieren.<\/li>\n<li>Die heutige Syntegration, insbesondere in Ihrem Super-Format, l\u00e4sst sich aus einem Buch, das Anfangs 1990er Jahre geschrieben wurde, nicht ableiten.<\/li>\n<li>Zu der von Ihnen behaiupteten Banalit\u00e4t des Verfahrens will ich nur anmerken, dass es darauf ankommt, wie man hinsieht. Der eine sieht in einem Schimmelpilz eine &#8222;Banalit\u00e4t&#8220;, und der andere den Wirkstoff f\u00fcr Penicillin.<\/li>\n<li>Ob wir tats\u00e4chlich unentgeltlich arbeiten pr\u00fcfen Sie am besten bei denen, f\u00fcr die wir arbeiten. Das bringt Ihnen mehr Information als selbstgebraute Vermutungen und Unterstellungen.<\/li>\n<li>Und ja, ich beantworte jedes Posting selbst.<\/li>\n<\/ol>\n<p>Vielleicht helfen Ihnen diese Informationen f\u00fcr eine andere Sichtweise.<\/p>\n","protected":false},"excerpt":{"rendered":"<p>Der folgende Eintrag wird etwas l\u00e4nger. Das heutige Posting eines neuen Lesers, Herr Gerd Walte, will ich allen zur Kenntnis bringen, und auch meine Antwort darauf. Alles weitere \u00fcberlasse ich meinen LeserInnen. Das heutige Posting von Herr Walte: Sehr geehrter Herr Bernet, ich denke das haben Sie schon ganz richtig verstanden. Dieser Blog ist in der Tat eine Marketingmaschine f\u00fcr  [&#8230;]<\/p>\n","protected":false},"author":6,"featured_media":0,"comment_status":"open","ping_status":"open","sticky":false,"template":"","format":"standard","meta":{"_acf_changed":false,"_bbp_topic_count":0,"_bbp_reply_count":0,"_bbp_total_topic_count":0,"_bbp_total_reply_count":0,"_bbp_voice_count":0,"_bbp_anonymous_reply_count":0,"_bbp_topic_count_hidden":0,"_bbp_reply_count_hidden":0,"_bbp_forum_subforum_count":0,"footnotes":""},"categories":[141],"tags":[],"class_list":["post-1561","post","type-post","status-publish","format-standard","hentry","category-kategorie-allgemein"],"acf":[],"yoast_head":"<!-- This site is optimized with the Yoast SEO plugin v26.4 - https:\/\/yoast.com\/wordpress\/plugins\/seo\/ -->\n<title>Wie Mangel an Information in die Irre f\u00fchrt... - Malik Management<\/title>\n<meta name=\"robots\" content=\"index, follow, max-snippet:-1, max-image-preview:large, max-video-preview:-1\" \/>\n<link rel=\"canonical\" href=\"https:\/\/www.malik-management.com\/de\/wie-mangel-an-information-in-die-irre-fuehrt\/\" \/>\n<meta property=\"og:locale\" content=\"de_DE\" \/>\n<meta property=\"og:type\" content=\"article\" \/>\n<meta property=\"og:title\" content=\"Wie Mangel an Information in die Irre f\u00fchrt... - Malik Management\" \/>\n<meta property=\"og:description\" content=\"Der folgende Eintrag wird etwas l\u00e4nger. Das heutige Posting eines neuen Lesers, Herr Gerd Walte, will ich allen zur Kenntnis bringen, und auch meine Antwort darauf. Alles weitere \u00fcberlasse ich meinen LeserInnen. Das heutige Posting von Herr Walte: Sehr geehrter Herr Bernet, ich denke das haben Sie schon ganz richtig verstanden. Dieser Blog ist in der Tat eine Marketingmaschine f\u00fcr [...]\" \/>\n<meta property=\"og:url\" content=\"https:\/\/www.malik-management.com\/de\/wie-mangel-an-information-in-die-irre-fuehrt\/\" \/>\n<meta property=\"og:site_name\" content=\"Malik Management\" \/>\n<meta property=\"article:published_time\" content=\"2011-11-23T11:53:46+00:00\" \/>\n<meta name=\"author\" content=\"Fredmund Malik\" \/>\n<meta name=\"twitter:card\" content=\"summary_large_image\" \/>\n<meta name=\"twitter:label1\" content=\"Verfasst von\" \/>\n\t<meta name=\"twitter:data1\" content=\"Fredmund Malik\" \/>\n\t<meta name=\"twitter:label2\" content=\"Gesch\u00e4tzte Lesezeit\" \/>\n\t<meta name=\"twitter:data2\" content=\"3\u00a0Minuten\" \/>\n<script type=\"application\/ld+json\" class=\"yoast-schema-graph\">{\"@context\":\"https:\/\/schema.org\",\"@graph\":[{\"@type\":\"Article\",\"@id\":\"https:\/\/www.malik-management.com\/de\/wie-mangel-an-information-in-die-irre-fuehrt\/#article\",\"isPartOf\":{\"@id\":\"https:\/\/www.malik-management.com\/de\/wie-mangel-an-information-in-die-irre-fuehrt\/\"},\"author\":{\"name\":\"Fredmund Malik\",\"@id\":\"https:\/\/www.malik-management.com\/de\/#\/schema\/person\/91fa82099f35691c4bab52d1f1a81a75\"},\"headline\":\"Wie Mangel an Information in die Irre f\u00fchrt&#8230;\",\"datePublished\":\"2011-11-23T11:53:46+00:00\",\"mainEntityOfPage\":{\"@id\":\"https:\/\/www.malik-management.com\/de\/wie-mangel-an-information-in-die-irre-fuehrt\/\"},\"wordCount\":563,\"commentCount\":37,\"publisher\":{\"@id\":\"https:\/\/www.malik-management.com\/de\/#organization\"},\"inLanguage\":\"de\",\"potentialAction\":[{\"@type\":\"CommentAction\",\"name\":\"Comment\",\"target\":[\"https:\/\/www.malik-management.com\/de\/wie-mangel-an-information-in-die-irre-fuehrt\/#respond\"]}]},{\"@type\":\"WebPage\",\"@id\":\"https:\/\/www.malik-management.com\/de\/wie-mangel-an-information-in-die-irre-fuehrt\/\",\"url\":\"https:\/\/www.malik-management.com\/de\/wie-mangel-an-information-in-die-irre-fuehrt\/\",\"name\":\"Wie Mangel an Information in die Irre f\u00fchrt... - Malik Management\",\"isPartOf\":{\"@id\":\"https:\/\/www.malik-management.com\/de\/#website\"},\"datePublished\":\"2011-11-23T11:53:46+00:00\",\"breadcrumb\":{\"@id\":\"https:\/\/www.malik-management.com\/de\/wie-mangel-an-information-in-die-irre-fuehrt\/#breadcrumb\"},\"inLanguage\":\"de\",\"potentialAction\":[{\"@type\":\"ReadAction\",\"target\":[\"https:\/\/www.malik-management.com\/de\/wie-mangel-an-information-in-die-irre-fuehrt\/\"]}]},{\"@type\":\"BreadcrumbList\",\"@id\":\"https:\/\/www.malik-management.com\/de\/wie-mangel-an-information-in-die-irre-fuehrt\/#breadcrumb\",\"itemListElement\":[{\"@type\":\"ListItem\",\"position\":1,\"name\":\"Home\",\"item\":\"https:\/\/www.malik-management.com\/de\/\"},{\"@type\":\"ListItem\",\"position\":2,\"name\":\"Wie Mangel an Information in die Irre f\u00fchrt&#8230;\"}]},{\"@type\":\"WebSite\",\"@id\":\"https:\/\/www.malik-management.com\/de\/#website\",\"url\":\"https:\/\/www.malik-management.com\/de\/\",\"name\":\"Malik Management\",\"description\":\"Beyond conventional management\",\"publisher\":{\"@id\":\"https:\/\/www.malik-management.com\/de\/#organization\"},\"potentialAction\":[{\"@type\":\"SearchAction\",\"target\":{\"@type\":\"EntryPoint\",\"urlTemplate\":\"https:\/\/www.malik-management.com\/de\/?s={search_term_string}\"},\"query-input\":{\"@type\":\"PropertyValueSpecification\",\"valueRequired\":true,\"valueName\":\"search_term_string\"}}],\"inLanguage\":\"de\"},{\"@type\":\"Organization\",\"@id\":\"https:\/\/www.malik-management.com\/de\/#organization\",\"name\":\"malik international AG\",\"url\":\"https:\/\/www.malik-management.com\/de\/\",\"logo\":{\"@type\":\"ImageObject\",\"inLanguage\":\"de\",\"@id\":\"https:\/\/www.malik-management.com\/de\/#\/schema\/logo\/image\/\",\"url\":\"https:\/\/www.malik-management.com\/wp-content\/uploads\/2018\/09\/Logo_malik_weiss-klein3.png\",\"contentUrl\":\"https:\/\/www.malik-management.com\/wp-content\/uploads\/2018\/09\/Logo_malik_weiss-klein3.png\",\"width\":140,\"height\":41,\"caption\":\"malik international AG\"},\"image\":{\"@id\":\"https:\/\/www.malik-management.com\/de\/#\/schema\/logo\/image\/\"},\"sameAs\":[\"https:\/\/www.linkedin.com\/company\/30160\",\"https:\/\/www.youtube.com\/user\/malikmanagement\"]},{\"@type\":\"Person\",\"@id\":\"https:\/\/www.malik-management.com\/de\/#\/schema\/person\/91fa82099f35691c4bab52d1f1a81a75\",\"name\":\"Fredmund Malik\",\"image\":{\"@type\":\"ImageObject\",\"inLanguage\":\"de\",\"@id\":\"https:\/\/www.malik-management.com\/de\/#\/schema\/person\/image\/\",\"url\":\"https:\/\/secure.gravatar.com\/avatar\/c3e7cc7ddd118be0e1666fe325eb6f40d06d9cd5b895ff464617c49bf8c7f26f?s=96&r=g\",\"contentUrl\":\"https:\/\/secure.gravatar.com\/avatar\/c3e7cc7ddd118be0e1666fe325eb6f40d06d9cd5b895ff464617c49bf8c7f26f?s=96&r=g\",\"caption\":\"Fredmund Malik\"},\"description\":\"\\\"Malik is one of the most influential business thinkers...\\\" (Business Week) \\\"Malik has become the leading expert on Management in Europe... He is a commanding figure - in theory as well as in the practice of Management.\\\" (Peter Drucker, Doyen of Management)\",\"sameAs\":[\"https:\/\/www.malik-management.com\/de\/fredmund-malik\/zur-person\/\"],\"url\":\"https:\/\/www.malik-management.com\/de\/author\/fmalik\/\"}]}<\/script>\n<!-- \/ Yoast SEO plugin. -->","yoast_head_json":{"title":"Wie Mangel an Information in die Irre f\u00fchrt... - Malik Management","robots":{"index":"index","follow":"follow","max-snippet":"max-snippet:-1","max-image-preview":"max-image-preview:large","max-video-preview":"max-video-preview:-1"},"canonical":"https:\/\/www.malik-management.com\/de\/wie-mangel-an-information-in-die-irre-fuehrt\/","og_locale":"de_DE","og_type":"article","og_title":"Wie Mangel an Information in die Irre f\u00fchrt... - Malik Management","og_description":"Der folgende Eintrag wird etwas l\u00e4nger. Das heutige Posting eines neuen Lesers, Herr Gerd Walte, will ich allen zur Kenntnis bringen, und auch meine Antwort darauf. Alles weitere \u00fcberlasse ich meinen LeserInnen. Das heutige Posting von Herr Walte: Sehr geehrter Herr Bernet, ich denke das haben Sie schon ganz richtig verstanden. Dieser Blog ist in der Tat eine Marketingmaschine f\u00fcr [...]","og_url":"https:\/\/www.malik-management.com\/de\/wie-mangel-an-information-in-die-irre-fuehrt\/","og_site_name":"Malik Management","article_published_time":"2011-11-23T11:53:46+00:00","author":"Fredmund Malik","twitter_card":"summary_large_image","twitter_misc":{"Verfasst von":"Fredmund Malik","Gesch\u00e4tzte Lesezeit":"3\u00a0Minuten"},"schema":{"@context":"https:\/\/schema.org","@graph":[{"@type":"Article","@id":"https:\/\/www.malik-management.com\/de\/wie-mangel-an-information-in-die-irre-fuehrt\/#article","isPartOf":{"@id":"https:\/\/www.malik-management.com\/de\/wie-mangel-an-information-in-die-irre-fuehrt\/"},"author":{"name":"Fredmund Malik","@id":"https:\/\/www.malik-management.com\/de\/#\/schema\/person\/91fa82099f35691c4bab52d1f1a81a75"},"headline":"Wie Mangel an Information in die Irre f\u00fchrt&#8230;","datePublished":"2011-11-23T11:53:46+00:00","mainEntityOfPage":{"@id":"https:\/\/www.malik-management.com\/de\/wie-mangel-an-information-in-die-irre-fuehrt\/"},"wordCount":563,"commentCount":37,"publisher":{"@id":"https:\/\/www.malik-management.com\/de\/#organization"},"inLanguage":"de","potentialAction":[{"@type":"CommentAction","name":"Comment","target":["https:\/\/www.malik-management.com\/de\/wie-mangel-an-information-in-die-irre-fuehrt\/#respond"]}]},{"@type":"WebPage","@id":"https:\/\/www.malik-management.com\/de\/wie-mangel-an-information-in-die-irre-fuehrt\/","url":"https:\/\/www.malik-management.com\/de\/wie-mangel-an-information-in-die-irre-fuehrt\/","name":"Wie Mangel an Information in die Irre f\u00fchrt... - Malik Management","isPartOf":{"@id":"https:\/\/www.malik-management.com\/de\/#website"},"datePublished":"2011-11-23T11:53:46+00:00","breadcrumb":{"@id":"https:\/\/www.malik-management.com\/de\/wie-mangel-an-information-in-die-irre-fuehrt\/#breadcrumb"},"inLanguage":"de","potentialAction":[{"@type":"ReadAction","target":["https:\/\/www.malik-management.com\/de\/wie-mangel-an-information-in-die-irre-fuehrt\/"]}]},{"@type":"BreadcrumbList","@id":"https:\/\/www.malik-management.com\/de\/wie-mangel-an-information-in-die-irre-fuehrt\/#breadcrumb","itemListElement":[{"@type":"ListItem","position":1,"name":"Home","item":"https:\/\/www.malik-management.com\/de\/"},{"@type":"ListItem","position":2,"name":"Wie Mangel an Information in die Irre f\u00fchrt&#8230;"}]},{"@type":"WebSite","@id":"https:\/\/www.malik-management.com\/de\/#website","url":"https:\/\/www.malik-management.com\/de\/","name":"Malik Management","description":"Beyond conventional management","publisher":{"@id":"https:\/\/www.malik-management.com\/de\/#organization"},"potentialAction":[{"@type":"SearchAction","target":{"@type":"EntryPoint","urlTemplate":"https:\/\/www.malik-management.com\/de\/?s={search_term_string}"},"query-input":{"@type":"PropertyValueSpecification","valueRequired":true,"valueName":"search_term_string"}}],"inLanguage":"de"},{"@type":"Organization","@id":"https:\/\/www.malik-management.com\/de\/#organization","name":"malik international AG","url":"https:\/\/www.malik-management.com\/de\/","logo":{"@type":"ImageObject","inLanguage":"de","@id":"https:\/\/www.malik-management.com\/de\/#\/schema\/logo\/image\/","url":"https:\/\/www.malik-management.com\/wp-content\/uploads\/2018\/09\/Logo_malik_weiss-klein3.png","contentUrl":"https:\/\/www.malik-management.com\/wp-content\/uploads\/2018\/09\/Logo_malik_weiss-klein3.png","width":140,"height":41,"caption":"malik international AG"},"image":{"@id":"https:\/\/www.malik-management.com\/de\/#\/schema\/logo\/image\/"},"sameAs":["https:\/\/www.linkedin.com\/company\/30160","https:\/\/www.youtube.com\/user\/malikmanagement"]},{"@type":"Person","@id":"https:\/\/www.malik-management.com\/de\/#\/schema\/person\/91fa82099f35691c4bab52d1f1a81a75","name":"Fredmund Malik","image":{"@type":"ImageObject","inLanguage":"de","@id":"https:\/\/www.malik-management.com\/de\/#\/schema\/person\/image\/","url":"https:\/\/secure.gravatar.com\/avatar\/c3e7cc7ddd118be0e1666fe325eb6f40d06d9cd5b895ff464617c49bf8c7f26f?s=96&r=g","contentUrl":"https:\/\/secure.gravatar.com\/avatar\/c3e7cc7ddd118be0e1666fe325eb6f40d06d9cd5b895ff464617c49bf8c7f26f?s=96&r=g","caption":"Fredmund Malik"},"description":"\"Malik is one of the most influential business thinkers...\" (Business Week) \"Malik has become the leading expert on Management in Europe... He is a commanding figure - in theory as well as in the practice of Management.\" (Peter Drucker, Doyen of Management)","sameAs":["https:\/\/www.malik-management.com\/de\/fredmund-malik\/zur-person\/"],"url":"https:\/\/www.malik-management.com\/de\/author\/fmalik\/"}]}},"_links":{"self":[{"href":"https:\/\/www.malik-management.com\/de\/wp-json\/wp\/v2\/posts\/1561","targetHints":{"allow":["GET"]}}],"collection":[{"href":"https:\/\/www.malik-management.com\/de\/wp-json\/wp\/v2\/posts"}],"about":[{"href":"https:\/\/www.malik-management.com\/de\/wp-json\/wp\/v2\/types\/post"}],"author":[{"embeddable":true,"href":"https:\/\/www.malik-management.com\/de\/wp-json\/wp\/v2\/users\/6"}],"replies":[{"embeddable":true,"href":"https:\/\/www.malik-management.com\/de\/wp-json\/wp\/v2\/comments?post=1561"}],"version-history":[{"count":0,"href":"https:\/\/www.malik-management.com\/de\/wp-json\/wp\/v2\/posts\/1561\/revisions"}],"wp:attachment":[{"href":"https:\/\/www.malik-management.com\/de\/wp-json\/wp\/v2\/media?parent=1561"}],"wp:term":[{"taxonomy":"category","embeddable":true,"href":"https:\/\/www.malik-management.com\/de\/wp-json\/wp\/v2\/categories?post=1561"},{"taxonomy":"post_tag","embeddable":true,"href":"https:\/\/www.malik-management.com\/de\/wp-json\/wp\/v2\/tags?post=1561"}],"curies":[{"name":"wp","href":"https:\/\/api.w.org\/{rel}","templated":true}]}}