{"id":1631,"date":"2011-12-07T21:30:35","date_gmt":"2011-12-07T20:30:35","guid":{"rendered":"http:\/\/blog.malik-management.com\/?p=1631"},"modified":"2011-12-07T21:30:35","modified_gmt":"2011-12-07T20:30:35","slug":"ebit-mehr-als-verdoppelt","status":"publish","type":"post","link":"https:\/\/www.malik-management.com\/de\/ebit-mehr-als-verdoppelt\/","title":{"rendered":"EBIT mehr als verdoppelt"},"content":{"rendered":"<p>Ein diversifiziertes Bauunternehmen mit rund 2000 Mitarbeitern wollte nach einer starken Wachstumsphase seine Organisation f\u00fcr die Zukunft neu ausrichten, sowie seine Produktivit\u00e4t und das Ergebnis markant verbessern. Nach 3 1\/2 Tagen hatten die 40 wichtigsten F\u00fchrungskr\u00e4fte durch Anwendung unserer Syntegrations\u00ae-Massnahmen f\u00fcr mehr als die Verdoppelung des EBITs entwickelt, die noch im selben Jahr wirksam wurden.<br \/>\nEiner der Gr\u00fcnde f\u00fcr die schnelle Realisierung war die im F\u00fchrungsteam entstandene Begeisterung f\u00fcr die Massnahmen. Ein zweiter Grund war, dass die n\u00f6tige Energie im Team mobilisiert wurde, wodurch ein unbeugsamer Umsetzungswille entstand. Ausserdem konnten wir schon 1 Woche nach der Syntegration dem Unternehmen die n\u00f6tigen, passgenauen Umsetzungs-Systeme \u00fcbergeben, die unsere Spezialisten noch w\u00e4hrend der Syntegration an das Unternehmen angepasst hatten. Damit konnte der Motivationsschub voll genutzt werden.<\/p>\n","protected":false},"excerpt":{"rendered":"<p>Ein diversifiziertes Bauunternehmen mit rund 2000 Mitarbeitern wollte nach einer starken Wachstumsphase seine Organisation f\u00fcr die Zukunft neu ausrichten, sowie seine Produktivit\u00e4t und das Ergebnis markant verbessern. Nach 3 1\/2 Tagen hatten die 40 wichtigsten F\u00fchrungskr\u00e4fte durch Anwendung unserer Syntegrations\u00ae-Massnahmen f\u00fcr mehr als die Verdoppelung des EBITs entwickelt, die noch im selben Jahr wirksam wurden. Einer der Gr\u00fcnde f\u00fcr die  [&#8230;]<\/p>\n","protected":false},"author":6,"featured_media":0,"comment_status":"open","ping_status":"open","sticky":false,"template":"","format":"standard","meta":{"_acf_changed":false,"_bbp_topic_count":0,"_bbp_reply_count":0,"_bbp_total_topic_count":0,"_bbp_total_reply_count":0,"_bbp_voice_count":0,"_bbp_anonymous_reply_count":0,"_bbp_topic_count_hidden":0,"_bbp_reply_count_hidden":0,"_bbp_forum_subforum_count":0,"footnotes":""},"categories":[141],"tags":[],"class_list":["post-1631","post","type-post","status-publish","format-standard","hentry","category-kategorie-allgemein"],"acf":[],"yoast_head":"<!-- This site is optimized with the Yoast SEO plugin v26.4 - https:\/\/yoast.com\/wordpress\/plugins\/seo\/ -->\n<title>EBIT mehr als verdoppelt - Malik Management<\/title>\n<meta name=\"robots\" content=\"index, follow, max-snippet:-1, max-image-preview:large, max-video-preview:-1\" \/>\n<link rel=\"canonical\" href=\"https:\/\/www.malik-management.com\/de\/ebit-mehr-als-verdoppelt\/\" \/>\n<meta property=\"og:locale\" content=\"de_DE\" \/>\n<meta property=\"og:type\" content=\"article\" \/>\n<meta property=\"og:title\" content=\"EBIT mehr als verdoppelt - Malik Management\" \/>\n<meta property=\"og:description\" content=\"Ein diversifiziertes Bauunternehmen mit rund 2000 Mitarbeitern wollte nach einer starken Wachstumsphase seine Organisation f\u00fcr die Zukunft neu ausrichten, sowie seine Produktivit\u00e4t und das Ergebnis markant verbessern. Nach 3 1\/2 Tagen hatten die 40 wichtigsten F\u00fchrungskr\u00e4fte durch Anwendung unserer Syntegrations\u00ae-Massnahmen f\u00fcr mehr als die Verdoppelung des EBITs entwickelt, die noch im selben Jahr wirksam wurden. Einer der Gr\u00fcnde f\u00fcr die [...]\" \/>\n<meta property=\"og:url\" content=\"https:\/\/www.malik-management.com\/de\/ebit-mehr-als-verdoppelt\/\" \/>\n<meta property=\"og:site_name\" content=\"Malik Management\" \/>\n<meta property=\"article:published_time\" content=\"2011-12-07T20:30:35+00:00\" \/>\n<meta name=\"author\" content=\"Fredmund Malik\" \/>\n<meta name=\"twitter:card\" content=\"summary_large_image\" \/>\n<meta name=\"twitter:label1\" content=\"Verfasst von\" \/>\n\t<meta name=\"twitter:data1\" content=\"Fredmund Malik\" \/>\n\t<meta name=\"twitter:label2\" content=\"Gesch\u00e4tzte Lesezeit\" \/>\n\t<meta name=\"twitter:data2\" content=\"1\u00a0Minute\" \/>\n<script type=\"application\/ld+json\" class=\"yoast-schema-graph\">{\"@context\":\"https:\/\/schema.org\",\"@graph\":[{\"@type\":\"Article\",\"@id\":\"https:\/\/www.malik-management.com\/de\/ebit-mehr-als-verdoppelt\/#article\",\"isPartOf\":{\"@id\":\"https:\/\/www.malik-management.com\/de\/ebit-mehr-als-verdoppelt\/\"},\"author\":{\"name\":\"Fredmund Malik\",\"@id\":\"https:\/\/www.malik-management.com\/de\/#\/schema\/person\/91fa82099f35691c4bab52d1f1a81a75\"},\"headline\":\"EBIT mehr als verdoppelt\",\"datePublished\":\"2011-12-07T20:30:35+00:00\",\"mainEntityOfPage\":{\"@id\":\"https:\/\/www.malik-management.com\/de\/ebit-mehr-als-verdoppelt\/\"},\"wordCount\":135,\"commentCount\":12,\"publisher\":{\"@id\":\"https:\/\/www.malik-management.com\/de\/#organization\"},\"inLanguage\":\"de\",\"potentialAction\":[{\"@type\":\"CommentAction\",\"name\":\"Comment\",\"target\":[\"https:\/\/www.malik-management.com\/de\/ebit-mehr-als-verdoppelt\/#respond\"]}]},{\"@type\":\"WebPage\",\"@id\":\"https:\/\/www.malik-management.com\/de\/ebit-mehr-als-verdoppelt\/\",\"url\":\"https:\/\/www.malik-management.com\/de\/ebit-mehr-als-verdoppelt\/\",\"name\":\"EBIT mehr als verdoppelt - Malik Management\",\"isPartOf\":{\"@id\":\"https:\/\/www.malik-management.com\/de\/#website\"},\"datePublished\":\"2011-12-07T20:30:35+00:00\",\"breadcrumb\":{\"@id\":\"https:\/\/www.malik-management.com\/de\/ebit-mehr-als-verdoppelt\/#breadcrumb\"},\"inLanguage\":\"de\",\"potentialAction\":[{\"@type\":\"ReadAction\",\"target\":[\"https:\/\/www.malik-management.com\/de\/ebit-mehr-als-verdoppelt\/\"]}]},{\"@type\":\"BreadcrumbList\",\"@id\":\"https:\/\/www.malik-management.com\/de\/ebit-mehr-als-verdoppelt\/#breadcrumb\",\"itemListElement\":[{\"@type\":\"ListItem\",\"position\":1,\"name\":\"Home\",\"item\":\"https:\/\/www.malik-management.com\/de\/\"},{\"@type\":\"ListItem\",\"position\":2,\"name\":\"EBIT mehr als verdoppelt\"}]},{\"@type\":\"WebSite\",\"@id\":\"https:\/\/www.malik-management.com\/de\/#website\",\"url\":\"https:\/\/www.malik-management.com\/de\/\",\"name\":\"Malik Management\",\"description\":\"Beyond conventional management\",\"publisher\":{\"@id\":\"https:\/\/www.malik-management.com\/de\/#organization\"},\"potentialAction\":[{\"@type\":\"SearchAction\",\"target\":{\"@type\":\"EntryPoint\",\"urlTemplate\":\"https:\/\/www.malik-management.com\/de\/?s={search_term_string}\"},\"query-input\":{\"@type\":\"PropertyValueSpecification\",\"valueRequired\":true,\"valueName\":\"search_term_string\"}}],\"inLanguage\":\"de\"},{\"@type\":\"Organization\",\"@id\":\"https:\/\/www.malik-management.com\/de\/#organization\",\"name\":\"malik international AG\",\"url\":\"https:\/\/www.malik-management.com\/de\/\",\"logo\":{\"@type\":\"ImageObject\",\"inLanguage\":\"de\",\"@id\":\"https:\/\/www.malik-management.com\/de\/#\/schema\/logo\/image\/\",\"url\":\"https:\/\/www.malik-management.com\/wp-content\/uploads\/2018\/09\/Logo_malik_weiss-klein3.png\",\"contentUrl\":\"https:\/\/www.malik-management.com\/wp-content\/uploads\/2018\/09\/Logo_malik_weiss-klein3.png\",\"width\":140,\"height\":41,\"caption\":\"malik international AG\"},\"image\":{\"@id\":\"https:\/\/www.malik-management.com\/de\/#\/schema\/logo\/image\/\"},\"sameAs\":[\"https:\/\/www.linkedin.com\/company\/30160\",\"https:\/\/www.youtube.com\/user\/malikmanagement\"]},{\"@type\":\"Person\",\"@id\":\"https:\/\/www.malik-management.com\/de\/#\/schema\/person\/91fa82099f35691c4bab52d1f1a81a75\",\"name\":\"Fredmund Malik\",\"image\":{\"@type\":\"ImageObject\",\"inLanguage\":\"de\",\"@id\":\"https:\/\/www.malik-management.com\/de\/#\/schema\/person\/image\/\",\"url\":\"https:\/\/secure.gravatar.com\/avatar\/c3e7cc7ddd118be0e1666fe325eb6f40d06d9cd5b895ff464617c49bf8c7f26f?s=96&r=g\",\"contentUrl\":\"https:\/\/secure.gravatar.com\/avatar\/c3e7cc7ddd118be0e1666fe325eb6f40d06d9cd5b895ff464617c49bf8c7f26f?s=96&r=g\",\"caption\":\"Fredmund Malik\"},\"description\":\"\\\"Malik is one of the most influential business thinkers...\\\" (Business Week) \\\"Malik has become the leading expert on Management in Europe... He is a commanding figure - in theory as well as in the practice of Management.\\\" (Peter Drucker, Doyen of Management)\",\"sameAs\":[\"https:\/\/www.malik-management.com\/de\/fredmund-malik\/zur-person\/\"],\"url\":\"https:\/\/www.malik-management.com\/de\/author\/fmalik\/\"}]}<\/script>\n<!-- \/ Yoast SEO plugin. -->","yoast_head_json":{"title":"EBIT mehr als verdoppelt - Malik Management","robots":{"index":"index","follow":"follow","max-snippet":"max-snippet:-1","max-image-preview":"max-image-preview:large","max-video-preview":"max-video-preview:-1"},"canonical":"https:\/\/www.malik-management.com\/de\/ebit-mehr-als-verdoppelt\/","og_locale":"de_DE","og_type":"article","og_title":"EBIT mehr als verdoppelt - Malik Management","og_description":"Ein diversifiziertes Bauunternehmen mit rund 2000 Mitarbeitern wollte nach einer starken Wachstumsphase seine Organisation f\u00fcr die Zukunft neu ausrichten, sowie seine Produktivit\u00e4t und das Ergebnis markant verbessern. Nach 3 1\/2 Tagen hatten die 40 wichtigsten F\u00fchrungskr\u00e4fte durch Anwendung unserer Syntegrations\u00ae-Massnahmen f\u00fcr mehr als die Verdoppelung des EBITs entwickelt, die noch im selben Jahr wirksam wurden. Einer der Gr\u00fcnde f\u00fcr die [...]","og_url":"https:\/\/www.malik-management.com\/de\/ebit-mehr-als-verdoppelt\/","og_site_name":"Malik Management","article_published_time":"2011-12-07T20:30:35+00:00","author":"Fredmund Malik","twitter_card":"summary_large_image","twitter_misc":{"Verfasst von":"Fredmund Malik","Gesch\u00e4tzte Lesezeit":"1\u00a0Minute"},"schema":{"@context":"https:\/\/schema.org","@graph":[{"@type":"Article","@id":"https:\/\/www.malik-management.com\/de\/ebit-mehr-als-verdoppelt\/#article","isPartOf":{"@id":"https:\/\/www.malik-management.com\/de\/ebit-mehr-als-verdoppelt\/"},"author":{"name":"Fredmund Malik","@id":"https:\/\/www.malik-management.com\/de\/#\/schema\/person\/91fa82099f35691c4bab52d1f1a81a75"},"headline":"EBIT mehr als verdoppelt","datePublished":"2011-12-07T20:30:35+00:00","mainEntityOfPage":{"@id":"https:\/\/www.malik-management.com\/de\/ebit-mehr-als-verdoppelt\/"},"wordCount":135,"commentCount":12,"publisher":{"@id":"https:\/\/www.malik-management.com\/de\/#organization"},"inLanguage":"de","potentialAction":[{"@type":"CommentAction","name":"Comment","target":["https:\/\/www.malik-management.com\/de\/ebit-mehr-als-verdoppelt\/#respond"]}]},{"@type":"WebPage","@id":"https:\/\/www.malik-management.com\/de\/ebit-mehr-als-verdoppelt\/","url":"https:\/\/www.malik-management.com\/de\/ebit-mehr-als-verdoppelt\/","name":"EBIT mehr als verdoppelt - Malik Management","isPartOf":{"@id":"https:\/\/www.malik-management.com\/de\/#website"},"datePublished":"2011-12-07T20:30:35+00:00","breadcrumb":{"@id":"https:\/\/www.malik-management.com\/de\/ebit-mehr-als-verdoppelt\/#breadcrumb"},"inLanguage":"de","potentialAction":[{"@type":"ReadAction","target":["https:\/\/www.malik-management.com\/de\/ebit-mehr-als-verdoppelt\/"]}]},{"@type":"BreadcrumbList","@id":"https:\/\/www.malik-management.com\/de\/ebit-mehr-als-verdoppelt\/#breadcrumb","itemListElement":[{"@type":"ListItem","position":1,"name":"Home","item":"https:\/\/www.malik-management.com\/de\/"},{"@type":"ListItem","position":2,"name":"EBIT mehr als verdoppelt"}]},{"@type":"WebSite","@id":"https:\/\/www.malik-management.com\/de\/#website","url":"https:\/\/www.malik-management.com\/de\/","name":"Malik Management","description":"Beyond conventional management","publisher":{"@id":"https:\/\/www.malik-management.com\/de\/#organization"},"potentialAction":[{"@type":"SearchAction","target":{"@type":"EntryPoint","urlTemplate":"https:\/\/www.malik-management.com\/de\/?s={search_term_string}"},"query-input":{"@type":"PropertyValueSpecification","valueRequired":true,"valueName":"search_term_string"}}],"inLanguage":"de"},{"@type":"Organization","@id":"https:\/\/www.malik-management.com\/de\/#organization","name":"malik international AG","url":"https:\/\/www.malik-management.com\/de\/","logo":{"@type":"ImageObject","inLanguage":"de","@id":"https:\/\/www.malik-management.com\/de\/#\/schema\/logo\/image\/","url":"https:\/\/www.malik-management.com\/wp-content\/uploads\/2018\/09\/Logo_malik_weiss-klein3.png","contentUrl":"https:\/\/www.malik-management.com\/wp-content\/uploads\/2018\/09\/Logo_malik_weiss-klein3.png","width":140,"height":41,"caption":"malik international AG"},"image":{"@id":"https:\/\/www.malik-management.com\/de\/#\/schema\/logo\/image\/"},"sameAs":["https:\/\/www.linkedin.com\/company\/30160","https:\/\/www.youtube.com\/user\/malikmanagement"]},{"@type":"Person","@id":"https:\/\/www.malik-management.com\/de\/#\/schema\/person\/91fa82099f35691c4bab52d1f1a81a75","name":"Fredmund Malik","image":{"@type":"ImageObject","inLanguage":"de","@id":"https:\/\/www.malik-management.com\/de\/#\/schema\/person\/image\/","url":"https:\/\/secure.gravatar.com\/avatar\/c3e7cc7ddd118be0e1666fe325eb6f40d06d9cd5b895ff464617c49bf8c7f26f?s=96&r=g","contentUrl":"https:\/\/secure.gravatar.com\/avatar\/c3e7cc7ddd118be0e1666fe325eb6f40d06d9cd5b895ff464617c49bf8c7f26f?s=96&r=g","caption":"Fredmund Malik"},"description":"\"Malik is one of the most influential business thinkers...\" (Business Week) \"Malik has become the leading expert on Management in Europe... He is a commanding figure - in theory as well as in the practice of Management.\" (Peter Drucker, Doyen of Management)","sameAs":["https:\/\/www.malik-management.com\/de\/fredmund-malik\/zur-person\/"],"url":"https:\/\/www.malik-management.com\/de\/author\/fmalik\/"}]}},"_links":{"self":[{"href":"https:\/\/www.malik-management.com\/de\/wp-json\/wp\/v2\/posts\/1631","targetHints":{"allow":["GET"]}}],"collection":[{"href":"https:\/\/www.malik-management.com\/de\/wp-json\/wp\/v2\/posts"}],"about":[{"href":"https:\/\/www.malik-management.com\/de\/wp-json\/wp\/v2\/types\/post"}],"author":[{"embeddable":true,"href":"https:\/\/www.malik-management.com\/de\/wp-json\/wp\/v2\/users\/6"}],"replies":[{"embeddable":true,"href":"https:\/\/www.malik-management.com\/de\/wp-json\/wp\/v2\/comments?post=1631"}],"version-history":[{"count":0,"href":"https:\/\/www.malik-management.com\/de\/wp-json\/wp\/v2\/posts\/1631\/revisions"}],"wp:attachment":[{"href":"https:\/\/www.malik-management.com\/de\/wp-json\/wp\/v2\/media?parent=1631"}],"wp:term":[{"taxonomy":"category","embeddable":true,"href":"https:\/\/www.malik-management.com\/de\/wp-json\/wp\/v2\/categories?post=1631"},{"taxonomy":"post_tag","embeddable":true,"href":"https:\/\/www.malik-management.com\/de\/wp-json\/wp\/v2\/tags?post=1631"}],"curies":[{"name":"wp","href":"https:\/\/api.w.org\/{rel}","templated":true}]}}