{"id":431,"date":"2010-05-18T15:09:39","date_gmt":"2010-05-18T15:09:39","guid":{"rendered":"http:\/\/blog.malik-management.com\/?p=431"},"modified":"2010-05-18T15:09:39","modified_gmt":"2010-05-18T15:09:39","slug":"deflation-dollar-euro","status":"publish","type":"post","link":"https:\/\/www.malik-management.com\/de\/deflation-dollar-euro\/","title":{"rendered":"Deflation, Dollar, Euro"},"content":{"rendered":"<p>Unter anderem am 26. 9. 09 schrieb ich, der Dollar werde \u00fcber lange Zeit steigen. Damals war er bei rund 76 und sinkend und Mainstream sah ihn ins Bodenlose fallen. Am 27. 11. stand die US-W\u00e4hrung bei rund 75, drehte und seither steigt der Dollar. Heute steht er bei rund 86 und Mainstream glaubt, dass der Euro nun ins Bodenlose falle.<br \/>\nIn meinen Seminaren und Tagungen war die Prognose eines stark steigenden Dollarkurses seit langem ein Thema. Mit dem Euro hat das aber wenig zu tun, sondern mit den Schulden die in Dollarw\u00e4hrung gemacht wurden.<br \/>\nMainstream glaubt, die Inflation komme. Meine Position ist: Deflation. Grund: Die weltweiten Schulden. Die n\u00e4chsten Monate werden sinkende Sachwertpreise bringen. An den Aktienm\u00e4rkten hat der lange Bear-Market bereits begonnen. Ob das Gold nun noch h\u00f6her geht oder nicht, \u00e4ndert daran nichts.<\/p>\n","protected":false},"excerpt":{"rendered":"<p>Unter anderem am 26. 9. 09 schrieb ich, der Dollar werde \u00fcber lange Zeit steigen. Damals war er bei rund 76 und sinkend und Mainstream sah ihn ins Bodenlose fallen. Am 27. 11. stand die US-W\u00e4hrung bei rund 75, drehte und seither steigt der Dollar. Heute steht er bei rund 86 und Mainstream glaubt, dass der Euro nun ins Bodenlose  [&#8230;]<\/p>\n","protected":false},"author":6,"featured_media":0,"comment_status":"open","ping_status":"open","sticky":false,"template":"","format":"standard","meta":{"_acf_changed":false,"_bbp_topic_count":0,"_bbp_reply_count":0,"_bbp_total_topic_count":0,"_bbp_total_reply_count":0,"_bbp_voice_count":0,"_bbp_anonymous_reply_count":0,"_bbp_topic_count_hidden":0,"_bbp_reply_count_hidden":0,"_bbp_forum_subforum_count":0,"footnotes":""},"categories":[141],"tags":[199,203,209],"class_list":["post-431","post","type-post","status-publish","format-standard","hentry","category-kategorie-allgemein","tag-deflation","tag-dollar","tag-euro"],"acf":[],"yoast_head":"<!-- This site is optimized with the Yoast SEO plugin v26.4 - https:\/\/yoast.com\/wordpress\/plugins\/seo\/ -->\n<title>Deflation, Dollar, Euro - Malik Management<\/title>\n<meta name=\"robots\" content=\"index, follow, max-snippet:-1, max-image-preview:large, max-video-preview:-1\" \/>\n<link rel=\"canonical\" href=\"https:\/\/www.malik-management.com\/de\/deflation-dollar-euro\/\" \/>\n<meta property=\"og:locale\" content=\"de_DE\" \/>\n<meta property=\"og:type\" content=\"article\" \/>\n<meta property=\"og:title\" content=\"Deflation, Dollar, Euro - Malik Management\" \/>\n<meta property=\"og:description\" content=\"Unter anderem am 26. 9. 09 schrieb ich, der Dollar werde \u00fcber lange Zeit steigen. Damals war er bei rund 76 und sinkend und Mainstream sah ihn ins Bodenlose fallen. Am 27. 11. stand die US-W\u00e4hrung bei rund 75, drehte und seither steigt der Dollar. Heute steht er bei rund 86 und Mainstream glaubt, dass der Euro nun ins Bodenlose [...]\" \/>\n<meta property=\"og:url\" content=\"https:\/\/www.malik-management.com\/de\/deflation-dollar-euro\/\" \/>\n<meta property=\"og:site_name\" content=\"Malik Management\" \/>\n<meta property=\"article:published_time\" content=\"2010-05-18T15:09:39+00:00\" \/>\n<meta name=\"author\" content=\"Fredmund Malik\" \/>\n<meta name=\"twitter:card\" content=\"summary_large_image\" \/>\n<meta name=\"twitter:label1\" content=\"Verfasst von\" \/>\n\t<meta name=\"twitter:data1\" content=\"Fredmund Malik\" \/>\n\t<meta name=\"twitter:label2\" content=\"Gesch\u00e4tzte Lesezeit\" \/>\n\t<meta name=\"twitter:data2\" content=\"1\u00a0Minute\" \/>\n<script type=\"application\/ld+json\" class=\"yoast-schema-graph\">{\"@context\":\"https:\/\/schema.org\",\"@graph\":[{\"@type\":\"Article\",\"@id\":\"https:\/\/www.malik-management.com\/de\/deflation-dollar-euro\/#article\",\"isPartOf\":{\"@id\":\"https:\/\/www.malik-management.com\/de\/deflation-dollar-euro\/\"},\"author\":{\"name\":\"Fredmund Malik\",\"@id\":\"https:\/\/www.malik-management.com\/de\/#\/schema\/person\/91fa82099f35691c4bab52d1f1a81a75\"},\"headline\":\"Deflation, Dollar, Euro\",\"datePublished\":\"2010-05-18T15:09:39+00:00\",\"mainEntityOfPage\":{\"@id\":\"https:\/\/www.malik-management.com\/de\/deflation-dollar-euro\/\"},\"wordCount\":136,\"commentCount\":2,\"publisher\":{\"@id\":\"https:\/\/www.malik-management.com\/de\/#organization\"},\"keywords\":[\"Deflation\",\"Dollar\",\"Euro\"],\"inLanguage\":\"de\",\"potentialAction\":[{\"@type\":\"CommentAction\",\"name\":\"Comment\",\"target\":[\"https:\/\/www.malik-management.com\/de\/deflation-dollar-euro\/#respond\"]}]},{\"@type\":\"WebPage\",\"@id\":\"https:\/\/www.malik-management.com\/de\/deflation-dollar-euro\/\",\"url\":\"https:\/\/www.malik-management.com\/de\/deflation-dollar-euro\/\",\"name\":\"Deflation, Dollar, Euro - Malik Management\",\"isPartOf\":{\"@id\":\"https:\/\/www.malik-management.com\/de\/#website\"},\"datePublished\":\"2010-05-18T15:09:39+00:00\",\"breadcrumb\":{\"@id\":\"https:\/\/www.malik-management.com\/de\/deflation-dollar-euro\/#breadcrumb\"},\"inLanguage\":\"de\",\"potentialAction\":[{\"@type\":\"ReadAction\",\"target\":[\"https:\/\/www.malik-management.com\/de\/deflation-dollar-euro\/\"]}]},{\"@type\":\"BreadcrumbList\",\"@id\":\"https:\/\/www.malik-management.com\/de\/deflation-dollar-euro\/#breadcrumb\",\"itemListElement\":[{\"@type\":\"ListItem\",\"position\":1,\"name\":\"Home\",\"item\":\"https:\/\/www.malik-management.com\/de\/\"},{\"@type\":\"ListItem\",\"position\":2,\"name\":\"Deflation, Dollar, Euro\"}]},{\"@type\":\"WebSite\",\"@id\":\"https:\/\/www.malik-management.com\/de\/#website\",\"url\":\"https:\/\/www.malik-management.com\/de\/\",\"name\":\"Malik Management\",\"description\":\"Beyond conventional management\",\"publisher\":{\"@id\":\"https:\/\/www.malik-management.com\/de\/#organization\"},\"potentialAction\":[{\"@type\":\"SearchAction\",\"target\":{\"@type\":\"EntryPoint\",\"urlTemplate\":\"https:\/\/www.malik-management.com\/de\/?s={search_term_string}\"},\"query-input\":{\"@type\":\"PropertyValueSpecification\",\"valueRequired\":true,\"valueName\":\"search_term_string\"}}],\"inLanguage\":\"de\"},{\"@type\":\"Organization\",\"@id\":\"https:\/\/www.malik-management.com\/de\/#organization\",\"name\":\"malik international AG\",\"url\":\"https:\/\/www.malik-management.com\/de\/\",\"logo\":{\"@type\":\"ImageObject\",\"inLanguage\":\"de\",\"@id\":\"https:\/\/www.malik-management.com\/de\/#\/schema\/logo\/image\/\",\"url\":\"https:\/\/www.malik-management.com\/wp-content\/uploads\/2018\/09\/Logo_malik_weiss-klein3.png\",\"contentUrl\":\"https:\/\/www.malik-management.com\/wp-content\/uploads\/2018\/09\/Logo_malik_weiss-klein3.png\",\"width\":140,\"height\":41,\"caption\":\"malik international AG\"},\"image\":{\"@id\":\"https:\/\/www.malik-management.com\/de\/#\/schema\/logo\/image\/\"},\"sameAs\":[\"https:\/\/www.linkedin.com\/company\/30160\",\"https:\/\/www.youtube.com\/user\/malikmanagement\"]},{\"@type\":\"Person\",\"@id\":\"https:\/\/www.malik-management.com\/de\/#\/schema\/person\/91fa82099f35691c4bab52d1f1a81a75\",\"name\":\"Fredmund Malik\",\"image\":{\"@type\":\"ImageObject\",\"inLanguage\":\"de\",\"@id\":\"https:\/\/www.malik-management.com\/de\/#\/schema\/person\/image\/\",\"url\":\"https:\/\/secure.gravatar.com\/avatar\/c3e7cc7ddd118be0e1666fe325eb6f40d06d9cd5b895ff464617c49bf8c7f26f?s=96&r=g\",\"contentUrl\":\"https:\/\/secure.gravatar.com\/avatar\/c3e7cc7ddd118be0e1666fe325eb6f40d06d9cd5b895ff464617c49bf8c7f26f?s=96&r=g\",\"caption\":\"Fredmund Malik\"},\"description\":\"\\\"Malik is one of the most influential business thinkers...\\\" (Business Week) \\\"Malik has become the leading expert on Management in Europe... He is a commanding figure - in theory as well as in the practice of Management.\\\" (Peter Drucker, Doyen of Management)\",\"sameAs\":[\"https:\/\/www.malik-management.com\/de\/fredmund-malik\/zur-person\/\"],\"url\":\"https:\/\/www.malik-management.com\/de\/author\/fmalik\/\"}]}<\/script>\n<!-- \/ Yoast SEO plugin. -->","yoast_head_json":{"title":"Deflation, Dollar, Euro - Malik Management","robots":{"index":"index","follow":"follow","max-snippet":"max-snippet:-1","max-image-preview":"max-image-preview:large","max-video-preview":"max-video-preview:-1"},"canonical":"https:\/\/www.malik-management.com\/de\/deflation-dollar-euro\/","og_locale":"de_DE","og_type":"article","og_title":"Deflation, Dollar, Euro - Malik Management","og_description":"Unter anderem am 26. 9. 09 schrieb ich, der Dollar werde \u00fcber lange Zeit steigen. Damals war er bei rund 76 und sinkend und Mainstream sah ihn ins Bodenlose fallen. Am 27. 11. stand die US-W\u00e4hrung bei rund 75, drehte und seither steigt der Dollar. Heute steht er bei rund 86 und Mainstream glaubt, dass der Euro nun ins Bodenlose [...]","og_url":"https:\/\/www.malik-management.com\/de\/deflation-dollar-euro\/","og_site_name":"Malik Management","article_published_time":"2010-05-18T15:09:39+00:00","author":"Fredmund Malik","twitter_card":"summary_large_image","twitter_misc":{"Verfasst von":"Fredmund Malik","Gesch\u00e4tzte Lesezeit":"1\u00a0Minute"},"schema":{"@context":"https:\/\/schema.org","@graph":[{"@type":"Article","@id":"https:\/\/www.malik-management.com\/de\/deflation-dollar-euro\/#article","isPartOf":{"@id":"https:\/\/www.malik-management.com\/de\/deflation-dollar-euro\/"},"author":{"name":"Fredmund Malik","@id":"https:\/\/www.malik-management.com\/de\/#\/schema\/person\/91fa82099f35691c4bab52d1f1a81a75"},"headline":"Deflation, Dollar, Euro","datePublished":"2010-05-18T15:09:39+00:00","mainEntityOfPage":{"@id":"https:\/\/www.malik-management.com\/de\/deflation-dollar-euro\/"},"wordCount":136,"commentCount":2,"publisher":{"@id":"https:\/\/www.malik-management.com\/de\/#organization"},"keywords":["Deflation","Dollar","Euro"],"inLanguage":"de","potentialAction":[{"@type":"CommentAction","name":"Comment","target":["https:\/\/www.malik-management.com\/de\/deflation-dollar-euro\/#respond"]}]},{"@type":"WebPage","@id":"https:\/\/www.malik-management.com\/de\/deflation-dollar-euro\/","url":"https:\/\/www.malik-management.com\/de\/deflation-dollar-euro\/","name":"Deflation, Dollar, Euro - Malik Management","isPartOf":{"@id":"https:\/\/www.malik-management.com\/de\/#website"},"datePublished":"2010-05-18T15:09:39+00:00","breadcrumb":{"@id":"https:\/\/www.malik-management.com\/de\/deflation-dollar-euro\/#breadcrumb"},"inLanguage":"de","potentialAction":[{"@type":"ReadAction","target":["https:\/\/www.malik-management.com\/de\/deflation-dollar-euro\/"]}]},{"@type":"BreadcrumbList","@id":"https:\/\/www.malik-management.com\/de\/deflation-dollar-euro\/#breadcrumb","itemListElement":[{"@type":"ListItem","position":1,"name":"Home","item":"https:\/\/www.malik-management.com\/de\/"},{"@type":"ListItem","position":2,"name":"Deflation, Dollar, Euro"}]},{"@type":"WebSite","@id":"https:\/\/www.malik-management.com\/de\/#website","url":"https:\/\/www.malik-management.com\/de\/","name":"Malik Management","description":"Beyond conventional management","publisher":{"@id":"https:\/\/www.malik-management.com\/de\/#organization"},"potentialAction":[{"@type":"SearchAction","target":{"@type":"EntryPoint","urlTemplate":"https:\/\/www.malik-management.com\/de\/?s={search_term_string}"},"query-input":{"@type":"PropertyValueSpecification","valueRequired":true,"valueName":"search_term_string"}}],"inLanguage":"de"},{"@type":"Organization","@id":"https:\/\/www.malik-management.com\/de\/#organization","name":"malik international AG","url":"https:\/\/www.malik-management.com\/de\/","logo":{"@type":"ImageObject","inLanguage":"de","@id":"https:\/\/www.malik-management.com\/de\/#\/schema\/logo\/image\/","url":"https:\/\/www.malik-management.com\/wp-content\/uploads\/2018\/09\/Logo_malik_weiss-klein3.png","contentUrl":"https:\/\/www.malik-management.com\/wp-content\/uploads\/2018\/09\/Logo_malik_weiss-klein3.png","width":140,"height":41,"caption":"malik international AG"},"image":{"@id":"https:\/\/www.malik-management.com\/de\/#\/schema\/logo\/image\/"},"sameAs":["https:\/\/www.linkedin.com\/company\/30160","https:\/\/www.youtube.com\/user\/malikmanagement"]},{"@type":"Person","@id":"https:\/\/www.malik-management.com\/de\/#\/schema\/person\/91fa82099f35691c4bab52d1f1a81a75","name":"Fredmund Malik","image":{"@type":"ImageObject","inLanguage":"de","@id":"https:\/\/www.malik-management.com\/de\/#\/schema\/person\/image\/","url":"https:\/\/secure.gravatar.com\/avatar\/c3e7cc7ddd118be0e1666fe325eb6f40d06d9cd5b895ff464617c49bf8c7f26f?s=96&r=g","contentUrl":"https:\/\/secure.gravatar.com\/avatar\/c3e7cc7ddd118be0e1666fe325eb6f40d06d9cd5b895ff464617c49bf8c7f26f?s=96&r=g","caption":"Fredmund Malik"},"description":"\"Malik is one of the most influential business thinkers...\" (Business Week) \"Malik has become the leading expert on Management in Europe... He is a commanding figure - in theory as well as in the practice of Management.\" (Peter Drucker, Doyen of Management)","sameAs":["https:\/\/www.malik-management.com\/de\/fredmund-malik\/zur-person\/"],"url":"https:\/\/www.malik-management.com\/de\/author\/fmalik\/"}]}},"_links":{"self":[{"href":"https:\/\/www.malik-management.com\/de\/wp-json\/wp\/v2\/posts\/431","targetHints":{"allow":["GET"]}}],"collection":[{"href":"https:\/\/www.malik-management.com\/de\/wp-json\/wp\/v2\/posts"}],"about":[{"href":"https:\/\/www.malik-management.com\/de\/wp-json\/wp\/v2\/types\/post"}],"author":[{"embeddable":true,"href":"https:\/\/www.malik-management.com\/de\/wp-json\/wp\/v2\/users\/6"}],"replies":[{"embeddable":true,"href":"https:\/\/www.malik-management.com\/de\/wp-json\/wp\/v2\/comments?post=431"}],"version-history":[{"count":0,"href":"https:\/\/www.malik-management.com\/de\/wp-json\/wp\/v2\/posts\/431\/revisions"}],"wp:attachment":[{"href":"https:\/\/www.malik-management.com\/de\/wp-json\/wp\/v2\/media?parent=431"}],"wp:term":[{"taxonomy":"category","embeddable":true,"href":"https:\/\/www.malik-management.com\/de\/wp-json\/wp\/v2\/categories?post=431"},{"taxonomy":"post_tag","embeddable":true,"href":"https:\/\/www.malik-management.com\/de\/wp-json\/wp\/v2\/tags?post=431"}],"curies":[{"name":"wp","href":"https:\/\/api.w.org\/{rel}","templated":true}]}}