{"id":456,"date":"2009-11-29T15:20:58","date_gmt":"2009-11-29T15:20:58","guid":{"rendered":"http:\/\/blog.malik-management.com\/?p=456"},"modified":"2009-11-29T15:20:58","modified_gmt":"2009-11-29T15:20:58","slug":"100-jahre-managementdenker-peter-f-drucker","status":"publish","type":"post","link":"https:\/\/www.malik-management.com\/de\/100-jahre-managementdenker-peter-f-drucker\/","title":{"rendered":"100 Jahre Managementdenker Peter F. Drucker"},"content":{"rendered":"<p>Am 19. November 2009 w\u00e4re Peter F. Drucker, der geistige Vater des Managements, 100 Jahre alt geworden. Einen\u00a0 besseren\u00a0 Zeitpunkt f\u00fcr seinen 100. Geburtstag h\u00e4tte es kaum geben k\u00f6nnen, denn viele \u2013 und besonders die f\u00e4higsten\u00a0 &#8211; F\u00fchrungskr\u00e4fte sind tief verunsichert, weil die scheinbar stabilsten Grundfesten ihrer Welt in Frage gestellt sind. Was sie an Business Schools als ultimative Wahrheiten gelernt haben, scheint pl\u00f6tzlich in wichtigen Punkten nicht mehr zu stimmen. Zur n\u00f6tigen <strong>Neuorientierung<\/strong> und um wieder einen <strong>festen Punkt<\/strong> zu finden, kann das Werk Peter Druckers einen guten Teil beitragen.<br \/>\nW\u00e4re man seinen Empfehlungen gefolgt, h\u00e4tte es die heutige Krise nicht geben k\u00f6nnen.<\/p>\n","protected":false},"excerpt":{"rendered":"<p>Am 19. November 2009 w\u00e4re Peter F. Drucker, der geistige Vater des Managements, 100 Jahre alt geworden. Einen\u00a0 besseren\u00a0 Zeitpunkt f\u00fcr seinen 100. Geburtstag h\u00e4tte es kaum geben k\u00f6nnen, denn viele \u2013 und besonders die f\u00e4higsten\u00a0 &#8211; F\u00fchrungskr\u00e4fte sind tief verunsichert, weil die scheinbar stabilsten Grundfesten ihrer Welt in Frage gestellt sind. Was sie an Business Schools als ultimative Wahrheiten  [&#8230;]<\/p>\n","protected":false},"author":6,"featured_media":0,"comment_status":"open","ping_status":"open","sticky":false,"template":"","format":"standard","meta":{"_acf_changed":false,"_bbp_topic_count":0,"_bbp_reply_count":0,"_bbp_total_topic_count":0,"_bbp_total_reply_count":0,"_bbp_voice_count":0,"_bbp_anonymous_reply_count":0,"_bbp_topic_count_hidden":0,"_bbp_reply_count_hidden":0,"_bbp_forum_subforum_count":0,"footnotes":""},"categories":[141],"tags":[174,194,254,265],"class_list":["post-456","post","type-post","status-publish","format-standard","hentry","category-kategorie-allgemein","tag-21-jahrhundert","tag-change","tag-management","tag-neue-welt"],"acf":[],"yoast_head":"<!-- This site is optimized with the Yoast SEO plugin v26.4 - https:\/\/yoast.com\/wordpress\/plugins\/seo\/ -->\n<title>100 Jahre Managementdenker Peter F. Drucker - Malik Management<\/title>\n<meta name=\"robots\" content=\"index, follow, max-snippet:-1, max-image-preview:large, max-video-preview:-1\" \/>\n<link rel=\"canonical\" href=\"https:\/\/www.malik-management.com\/de\/100-jahre-managementdenker-peter-f-drucker\/\" \/>\n<meta property=\"og:locale\" content=\"de_DE\" \/>\n<meta property=\"og:type\" content=\"article\" \/>\n<meta property=\"og:title\" content=\"100 Jahre Managementdenker Peter F. Drucker - Malik Management\" \/>\n<meta property=\"og:description\" content=\"Am 19. November 2009 w\u00e4re Peter F. Drucker, der geistige Vater des Managements, 100 Jahre alt geworden. Einen\u00a0 besseren\u00a0 Zeitpunkt f\u00fcr seinen 100. Geburtstag h\u00e4tte es kaum geben k\u00f6nnen, denn viele \u2013 und besonders die f\u00e4higsten\u00a0 &#8211; F\u00fchrungskr\u00e4fte sind tief verunsichert, weil die scheinbar stabilsten Grundfesten ihrer Welt in Frage gestellt sind. Was sie an Business Schools als ultimative Wahrheiten [...]\" \/>\n<meta property=\"og:url\" content=\"https:\/\/www.malik-management.com\/de\/100-jahre-managementdenker-peter-f-drucker\/\" \/>\n<meta property=\"og:site_name\" content=\"Malik Management\" \/>\n<meta property=\"article:published_time\" content=\"2009-11-29T15:20:58+00:00\" \/>\n<meta name=\"author\" content=\"Fredmund Malik\" \/>\n<meta name=\"twitter:card\" content=\"summary_large_image\" \/>\n<meta name=\"twitter:label1\" content=\"Verfasst von\" \/>\n\t<meta name=\"twitter:data1\" content=\"Fredmund Malik\" \/>\n\t<meta name=\"twitter:label2\" content=\"Gesch\u00e4tzte Lesezeit\" \/>\n\t<meta name=\"twitter:data2\" content=\"1\u00a0Minute\" \/>\n<script type=\"application\/ld+json\" class=\"yoast-schema-graph\">{\"@context\":\"https:\/\/schema.org\",\"@graph\":[{\"@type\":\"Article\",\"@id\":\"https:\/\/www.malik-management.com\/de\/100-jahre-managementdenker-peter-f-drucker\/#article\",\"isPartOf\":{\"@id\":\"https:\/\/www.malik-management.com\/de\/100-jahre-managementdenker-peter-f-drucker\/\"},\"author\":{\"name\":\"Fredmund Malik\",\"@id\":\"https:\/\/www.malik-management.com\/de\/#\/schema\/person\/91fa82099f35691c4bab52d1f1a81a75\"},\"headline\":\"100 Jahre Managementdenker Peter F. Drucker\",\"datePublished\":\"2009-11-29T15:20:58+00:00\",\"mainEntityOfPage\":{\"@id\":\"https:\/\/www.malik-management.com\/de\/100-jahre-managementdenker-peter-f-drucker\/\"},\"wordCount\":116,\"commentCount\":6,\"publisher\":{\"@id\":\"https:\/\/www.malik-management.com\/de\/#organization\"},\"keywords\":[\"21. Jahrhundert\",\"Change\",\"Management\",\"Neue Welt\"],\"inLanguage\":\"de\",\"potentialAction\":[{\"@type\":\"CommentAction\",\"name\":\"Comment\",\"target\":[\"https:\/\/www.malik-management.com\/de\/100-jahre-managementdenker-peter-f-drucker\/#respond\"]}]},{\"@type\":\"WebPage\",\"@id\":\"https:\/\/www.malik-management.com\/de\/100-jahre-managementdenker-peter-f-drucker\/\",\"url\":\"https:\/\/www.malik-management.com\/de\/100-jahre-managementdenker-peter-f-drucker\/\",\"name\":\"100 Jahre Managementdenker Peter F. Drucker - Malik Management\",\"isPartOf\":{\"@id\":\"https:\/\/www.malik-management.com\/de\/#website\"},\"datePublished\":\"2009-11-29T15:20:58+00:00\",\"breadcrumb\":{\"@id\":\"https:\/\/www.malik-management.com\/de\/100-jahre-managementdenker-peter-f-drucker\/#breadcrumb\"},\"inLanguage\":\"de\",\"potentialAction\":[{\"@type\":\"ReadAction\",\"target\":[\"https:\/\/www.malik-management.com\/de\/100-jahre-managementdenker-peter-f-drucker\/\"]}]},{\"@type\":\"BreadcrumbList\",\"@id\":\"https:\/\/www.malik-management.com\/de\/100-jahre-managementdenker-peter-f-drucker\/#breadcrumb\",\"itemListElement\":[{\"@type\":\"ListItem\",\"position\":1,\"name\":\"Home\",\"item\":\"https:\/\/www.malik-management.com\/de\/\"},{\"@type\":\"ListItem\",\"position\":2,\"name\":\"100 Jahre Managementdenker Peter F. Drucker\"}]},{\"@type\":\"WebSite\",\"@id\":\"https:\/\/www.malik-management.com\/de\/#website\",\"url\":\"https:\/\/www.malik-management.com\/de\/\",\"name\":\"Malik Management\",\"description\":\"Beyond conventional management\",\"publisher\":{\"@id\":\"https:\/\/www.malik-management.com\/de\/#organization\"},\"potentialAction\":[{\"@type\":\"SearchAction\",\"target\":{\"@type\":\"EntryPoint\",\"urlTemplate\":\"https:\/\/www.malik-management.com\/de\/?s={search_term_string}\"},\"query-input\":{\"@type\":\"PropertyValueSpecification\",\"valueRequired\":true,\"valueName\":\"search_term_string\"}}],\"inLanguage\":\"de\"},{\"@type\":\"Organization\",\"@id\":\"https:\/\/www.malik-management.com\/de\/#organization\",\"name\":\"malik international AG\",\"url\":\"https:\/\/www.malik-management.com\/de\/\",\"logo\":{\"@type\":\"ImageObject\",\"inLanguage\":\"de\",\"@id\":\"https:\/\/www.malik-management.com\/de\/#\/schema\/logo\/image\/\",\"url\":\"https:\/\/www.malik-management.com\/wp-content\/uploads\/2018\/09\/Logo_malik_weiss-klein3.png\",\"contentUrl\":\"https:\/\/www.malik-management.com\/wp-content\/uploads\/2018\/09\/Logo_malik_weiss-klein3.png\",\"width\":140,\"height\":41,\"caption\":\"malik international AG\"},\"image\":{\"@id\":\"https:\/\/www.malik-management.com\/de\/#\/schema\/logo\/image\/\"},\"sameAs\":[\"https:\/\/www.linkedin.com\/company\/30160\",\"https:\/\/www.youtube.com\/user\/malikmanagement\"]},{\"@type\":\"Person\",\"@id\":\"https:\/\/www.malik-management.com\/de\/#\/schema\/person\/91fa82099f35691c4bab52d1f1a81a75\",\"name\":\"Fredmund Malik\",\"image\":{\"@type\":\"ImageObject\",\"inLanguage\":\"de\",\"@id\":\"https:\/\/www.malik-management.com\/de\/#\/schema\/person\/image\/\",\"url\":\"https:\/\/secure.gravatar.com\/avatar\/c3e7cc7ddd118be0e1666fe325eb6f40d06d9cd5b895ff464617c49bf8c7f26f?s=96&r=g\",\"contentUrl\":\"https:\/\/secure.gravatar.com\/avatar\/c3e7cc7ddd118be0e1666fe325eb6f40d06d9cd5b895ff464617c49bf8c7f26f?s=96&r=g\",\"caption\":\"Fredmund Malik\"},\"description\":\"\\\"Malik is one of the most influential business thinkers...\\\" (Business Week) \\\"Malik has become the leading expert on Management in Europe... He is a commanding figure - in theory as well as in the practice of Management.\\\" (Peter Drucker, Doyen of Management)\",\"sameAs\":[\"https:\/\/www.malik-management.com\/de\/fredmund-malik\/zur-person\/\"],\"url\":\"https:\/\/www.malik-management.com\/de\/author\/fmalik\/\"}]}<\/script>\n<!-- \/ Yoast SEO plugin. -->","yoast_head_json":{"title":"100 Jahre Managementdenker Peter F. Drucker - Malik Management","robots":{"index":"index","follow":"follow","max-snippet":"max-snippet:-1","max-image-preview":"max-image-preview:large","max-video-preview":"max-video-preview:-1"},"canonical":"https:\/\/www.malik-management.com\/de\/100-jahre-managementdenker-peter-f-drucker\/","og_locale":"de_DE","og_type":"article","og_title":"100 Jahre Managementdenker Peter F. Drucker - Malik Management","og_description":"Am 19. November 2009 w\u00e4re Peter F. Drucker, der geistige Vater des Managements, 100 Jahre alt geworden. Einen\u00a0 besseren\u00a0 Zeitpunkt f\u00fcr seinen 100. Geburtstag h\u00e4tte es kaum geben k\u00f6nnen, denn viele \u2013 und besonders die f\u00e4higsten\u00a0 &#8211; F\u00fchrungskr\u00e4fte sind tief verunsichert, weil die scheinbar stabilsten Grundfesten ihrer Welt in Frage gestellt sind. Was sie an Business Schools als ultimative Wahrheiten [...]","og_url":"https:\/\/www.malik-management.com\/de\/100-jahre-managementdenker-peter-f-drucker\/","og_site_name":"Malik Management","article_published_time":"2009-11-29T15:20:58+00:00","author":"Fredmund Malik","twitter_card":"summary_large_image","twitter_misc":{"Verfasst von":"Fredmund Malik","Gesch\u00e4tzte Lesezeit":"1\u00a0Minute"},"schema":{"@context":"https:\/\/schema.org","@graph":[{"@type":"Article","@id":"https:\/\/www.malik-management.com\/de\/100-jahre-managementdenker-peter-f-drucker\/#article","isPartOf":{"@id":"https:\/\/www.malik-management.com\/de\/100-jahre-managementdenker-peter-f-drucker\/"},"author":{"name":"Fredmund Malik","@id":"https:\/\/www.malik-management.com\/de\/#\/schema\/person\/91fa82099f35691c4bab52d1f1a81a75"},"headline":"100 Jahre Managementdenker Peter F. Drucker","datePublished":"2009-11-29T15:20:58+00:00","mainEntityOfPage":{"@id":"https:\/\/www.malik-management.com\/de\/100-jahre-managementdenker-peter-f-drucker\/"},"wordCount":116,"commentCount":6,"publisher":{"@id":"https:\/\/www.malik-management.com\/de\/#organization"},"keywords":["21. Jahrhundert","Change","Management","Neue Welt"],"inLanguage":"de","potentialAction":[{"@type":"CommentAction","name":"Comment","target":["https:\/\/www.malik-management.com\/de\/100-jahre-managementdenker-peter-f-drucker\/#respond"]}]},{"@type":"WebPage","@id":"https:\/\/www.malik-management.com\/de\/100-jahre-managementdenker-peter-f-drucker\/","url":"https:\/\/www.malik-management.com\/de\/100-jahre-managementdenker-peter-f-drucker\/","name":"100 Jahre Managementdenker Peter F. Drucker - Malik Management","isPartOf":{"@id":"https:\/\/www.malik-management.com\/de\/#website"},"datePublished":"2009-11-29T15:20:58+00:00","breadcrumb":{"@id":"https:\/\/www.malik-management.com\/de\/100-jahre-managementdenker-peter-f-drucker\/#breadcrumb"},"inLanguage":"de","potentialAction":[{"@type":"ReadAction","target":["https:\/\/www.malik-management.com\/de\/100-jahre-managementdenker-peter-f-drucker\/"]}]},{"@type":"BreadcrumbList","@id":"https:\/\/www.malik-management.com\/de\/100-jahre-managementdenker-peter-f-drucker\/#breadcrumb","itemListElement":[{"@type":"ListItem","position":1,"name":"Home","item":"https:\/\/www.malik-management.com\/de\/"},{"@type":"ListItem","position":2,"name":"100 Jahre Managementdenker Peter F. Drucker"}]},{"@type":"WebSite","@id":"https:\/\/www.malik-management.com\/de\/#website","url":"https:\/\/www.malik-management.com\/de\/","name":"Malik Management","description":"Beyond conventional management","publisher":{"@id":"https:\/\/www.malik-management.com\/de\/#organization"},"potentialAction":[{"@type":"SearchAction","target":{"@type":"EntryPoint","urlTemplate":"https:\/\/www.malik-management.com\/de\/?s={search_term_string}"},"query-input":{"@type":"PropertyValueSpecification","valueRequired":true,"valueName":"search_term_string"}}],"inLanguage":"de"},{"@type":"Organization","@id":"https:\/\/www.malik-management.com\/de\/#organization","name":"malik international AG","url":"https:\/\/www.malik-management.com\/de\/","logo":{"@type":"ImageObject","inLanguage":"de","@id":"https:\/\/www.malik-management.com\/de\/#\/schema\/logo\/image\/","url":"https:\/\/www.malik-management.com\/wp-content\/uploads\/2018\/09\/Logo_malik_weiss-klein3.png","contentUrl":"https:\/\/www.malik-management.com\/wp-content\/uploads\/2018\/09\/Logo_malik_weiss-klein3.png","width":140,"height":41,"caption":"malik international AG"},"image":{"@id":"https:\/\/www.malik-management.com\/de\/#\/schema\/logo\/image\/"},"sameAs":["https:\/\/www.linkedin.com\/company\/30160","https:\/\/www.youtube.com\/user\/malikmanagement"]},{"@type":"Person","@id":"https:\/\/www.malik-management.com\/de\/#\/schema\/person\/91fa82099f35691c4bab52d1f1a81a75","name":"Fredmund Malik","image":{"@type":"ImageObject","inLanguage":"de","@id":"https:\/\/www.malik-management.com\/de\/#\/schema\/person\/image\/","url":"https:\/\/secure.gravatar.com\/avatar\/c3e7cc7ddd118be0e1666fe325eb6f40d06d9cd5b895ff464617c49bf8c7f26f?s=96&r=g","contentUrl":"https:\/\/secure.gravatar.com\/avatar\/c3e7cc7ddd118be0e1666fe325eb6f40d06d9cd5b895ff464617c49bf8c7f26f?s=96&r=g","caption":"Fredmund Malik"},"description":"\"Malik is one of the most influential business thinkers...\" (Business Week) \"Malik has become the leading expert on Management in Europe... He is a commanding figure - in theory as well as in the practice of Management.\" (Peter Drucker, Doyen of Management)","sameAs":["https:\/\/www.malik-management.com\/de\/fredmund-malik\/zur-person\/"],"url":"https:\/\/www.malik-management.com\/de\/author\/fmalik\/"}]}},"_links":{"self":[{"href":"https:\/\/www.malik-management.com\/de\/wp-json\/wp\/v2\/posts\/456","targetHints":{"allow":["GET"]}}],"collection":[{"href":"https:\/\/www.malik-management.com\/de\/wp-json\/wp\/v2\/posts"}],"about":[{"href":"https:\/\/www.malik-management.com\/de\/wp-json\/wp\/v2\/types\/post"}],"author":[{"embeddable":true,"href":"https:\/\/www.malik-management.com\/de\/wp-json\/wp\/v2\/users\/6"}],"replies":[{"embeddable":true,"href":"https:\/\/www.malik-management.com\/de\/wp-json\/wp\/v2\/comments?post=456"}],"version-history":[{"count":0,"href":"https:\/\/www.malik-management.com\/de\/wp-json\/wp\/v2\/posts\/456\/revisions"}],"wp:attachment":[{"href":"https:\/\/www.malik-management.com\/de\/wp-json\/wp\/v2\/media?parent=456"}],"wp:term":[{"taxonomy":"category","embeddable":true,"href":"https:\/\/www.malik-management.com\/de\/wp-json\/wp\/v2\/categories?post=456"},{"taxonomy":"post_tag","embeddable":true,"href":"https:\/\/www.malik-management.com\/de\/wp-json\/wp\/v2\/tags?post=456"}],"curies":[{"name":"wp","href":"https:\/\/api.w.org\/{rel}","templated":true}]}}