{"id":465,"date":"2009-10-16T15:24:01","date_gmt":"2009-10-16T15:24:01","guid":{"rendered":"http:\/\/blog.malik-management.com\/?p=465"},"modified":"2009-10-16T15:24:01","modified_gmt":"2009-10-16T15:24:01","slug":"optimismus-pessimismus-realismus","status":"publish","type":"post","link":"https:\/\/www.malik-management.com\/de\/optimismus-pessimismus-realismus\/","title":{"rendered":"Optimismus \u2013 Pessimismus \u2013 Realismus"},"content":{"rendered":"<p>Viele Menschen m\u00f6gen das polare Denken. Gut oder schlecht, schwarz oder weiss,\u00a0optimistisch oder pessimistisch \u2026\u00a0\u00a0Derzeit zeigt sich das noch deutlicher als sonst. Optimismus ist das Gebot der Stunde. Wer kritisch oder auch nur nachdenklich \u00a0ist, gilt als Pessimist.<br \/>\nWie w\u00e4re es mit der <strong>dritten<\/strong> M\u00f6glichkeit, n\u00e4mlich <strong>Realismus<\/strong>? Was geh\u00f6rt wohin? F\u00fcr die <strong>Lagebeurteilung<\/strong> ist n\u00fcchterner Realismus geboten. Was man aufgrund der Lagebeurteilung dann tut, kann von Optimismus, sogar K\u00fchnheit gepr\u00e4gt sein. Immer vorausgesetzt, man hat dennoch die <strong>Risiken<\/strong> bedacht und den Punkt definiert, wo man seinen Optimismus aufgibt, weil man erkennen muss, dass man falsch liegt.<br \/>\nDer ber\u00fchmte deutsche WK II-General Erwin Rommel hat dazu<br \/>\ngesagt: <em>\u201eIch habe die Erfahrung gemacht, dass k\u00fchne L\u00f6sungen den gr\u00f6ssten Erfolg versprechen. Operative und taktische K\u00fchnheit muss aber vom milit\u00e4rischen Hazardspiel unterschieden werden. K\u00fchn ist eine Operation, die nur m\u00f6glicherweise zu dem gew\u00fcnschten Erfolg f\u00fchrt, bei der man aber auch im Falle des Misslingens noch so viel in der Hand beh\u00e4lt, um jede Situation meistern zu k\u00f6nnen. Ein Hazardspiel dagegen ist eine Bewegung, die entweder zum Sieg oder zur Vernichtung des eigenen Verbandes f\u00fchren kann.\u201c<\/em><br \/>\n<em> <\/em><br \/>\nDiese Haltung garantiert zwar noch nicht den Erfolg, aber sie hilft, klaren Kopf zu bewahren<\/p>\n","protected":false},"excerpt":{"rendered":"<p>Viele Menschen m\u00f6gen das polare Denken. Gut oder schlecht, schwarz oder weiss,\u00a0optimistisch oder pessimistisch \u2026\u00a0\u00a0Derzeit zeigt sich das noch deutlicher als sonst. Optimismus ist das Gebot der Stunde. Wer kritisch oder auch nur nachdenklich \u00a0ist, gilt als Pessimist. Wie w\u00e4re es mit der dritten M\u00f6glichkeit, n\u00e4mlich Realismus? Was geh\u00f6rt wohin? F\u00fcr die Lagebeurteilung ist n\u00fcchterner Realismus geboten. Was man aufgrund  [&#8230;]<\/p>\n","protected":false},"author":6,"featured_media":0,"comment_status":"open","ping_status":"open","sticky":false,"template":"","format":"standard","meta":{"_acf_changed":false,"_bbp_topic_count":0,"_bbp_reply_count":0,"_bbp_total_topic_count":0,"_bbp_total_reply_count":0,"_bbp_voice_count":0,"_bbp_anonymous_reply_count":0,"_bbp_topic_count_hidden":0,"_bbp_reply_count_hidden":0,"_bbp_forum_subforum_count":0,"footnotes":""},"categories":[141],"tags":[270,275,133],"class_list":["post-465","post","type-post","status-publish","format-standard","hentry","category-kategorie-allgemein","tag-optimismus","tag-pessimismus","tag-realismus"],"acf":[],"yoast_head":"<!-- This site is optimized with the Yoast SEO plugin v26.4 - https:\/\/yoast.com\/wordpress\/plugins\/seo\/ -->\n<title>Optimismus \u2013 Pessimismus \u2013 Realismus - Malik Management<\/title>\n<meta name=\"robots\" content=\"index, follow, max-snippet:-1, max-image-preview:large, max-video-preview:-1\" \/>\n<link rel=\"canonical\" href=\"https:\/\/www.malik-management.com\/de\/optimismus-pessimismus-realismus\/\" \/>\n<meta property=\"og:locale\" content=\"de_DE\" \/>\n<meta property=\"og:type\" content=\"article\" \/>\n<meta property=\"og:title\" content=\"Optimismus \u2013 Pessimismus \u2013 Realismus - Malik Management\" \/>\n<meta property=\"og:description\" content=\"Viele Menschen m\u00f6gen das polare Denken. Gut oder schlecht, schwarz oder weiss,\u00a0optimistisch oder pessimistisch \u2026\u00a0\u00a0Derzeit zeigt sich das noch deutlicher als sonst. Optimismus ist das Gebot der Stunde. Wer kritisch oder auch nur nachdenklich \u00a0ist, gilt als Pessimist. Wie w\u00e4re es mit der dritten M\u00f6glichkeit, n\u00e4mlich Realismus? Was geh\u00f6rt wohin? F\u00fcr die Lagebeurteilung ist n\u00fcchterner Realismus geboten. Was man aufgrund [...]\" \/>\n<meta property=\"og:url\" content=\"https:\/\/www.malik-management.com\/de\/optimismus-pessimismus-realismus\/\" \/>\n<meta property=\"og:site_name\" content=\"Malik Management\" \/>\n<meta property=\"article:published_time\" content=\"2009-10-16T15:24:01+00:00\" \/>\n<meta name=\"author\" content=\"Fredmund Malik\" \/>\n<meta name=\"twitter:card\" content=\"summary_large_image\" \/>\n<meta name=\"twitter:label1\" content=\"Verfasst von\" \/>\n\t<meta name=\"twitter:data1\" content=\"Fredmund Malik\" \/>\n\t<meta name=\"twitter:label2\" content=\"Gesch\u00e4tzte Lesezeit\" \/>\n\t<meta name=\"twitter:data2\" content=\"1\u00a0Minute\" \/>\n<script type=\"application\/ld+json\" class=\"yoast-schema-graph\">{\"@context\":\"https:\/\/schema.org\",\"@graph\":[{\"@type\":\"Article\",\"@id\":\"https:\/\/www.malik-management.com\/de\/optimismus-pessimismus-realismus\/#article\",\"isPartOf\":{\"@id\":\"https:\/\/www.malik-management.com\/de\/optimismus-pessimismus-realismus\/\"},\"author\":{\"name\":\"Fredmund Malik\",\"@id\":\"https:\/\/www.malik-management.com\/de\/#\/schema\/person\/91fa82099f35691c4bab52d1f1a81a75\"},\"headline\":\"Optimismus \u2013 Pessimismus \u2013 Realismus\",\"datePublished\":\"2009-10-16T15:24:01+00:00\",\"mainEntityOfPage\":{\"@id\":\"https:\/\/www.malik-management.com\/de\/optimismus-pessimismus-realismus\/\"},\"wordCount\":222,\"commentCount\":0,\"publisher\":{\"@id\":\"https:\/\/www.malik-management.com\/de\/#organization\"},\"keywords\":[\"Optimismus\",\"Pessimismus\",\"Realismus\"],\"inLanguage\":\"de\",\"potentialAction\":[{\"@type\":\"CommentAction\",\"name\":\"Comment\",\"target\":[\"https:\/\/www.malik-management.com\/de\/optimismus-pessimismus-realismus\/#respond\"]}]},{\"@type\":\"WebPage\",\"@id\":\"https:\/\/www.malik-management.com\/de\/optimismus-pessimismus-realismus\/\",\"url\":\"https:\/\/www.malik-management.com\/de\/optimismus-pessimismus-realismus\/\",\"name\":\"Optimismus \u2013 Pessimismus \u2013 Realismus - Malik Management\",\"isPartOf\":{\"@id\":\"https:\/\/www.malik-management.com\/de\/#website\"},\"datePublished\":\"2009-10-16T15:24:01+00:00\",\"breadcrumb\":{\"@id\":\"https:\/\/www.malik-management.com\/de\/optimismus-pessimismus-realismus\/#breadcrumb\"},\"inLanguage\":\"de\",\"potentialAction\":[{\"@type\":\"ReadAction\",\"target\":[\"https:\/\/www.malik-management.com\/de\/optimismus-pessimismus-realismus\/\"]}]},{\"@type\":\"BreadcrumbList\",\"@id\":\"https:\/\/www.malik-management.com\/de\/optimismus-pessimismus-realismus\/#breadcrumb\",\"itemListElement\":[{\"@type\":\"ListItem\",\"position\":1,\"name\":\"Home\",\"item\":\"https:\/\/www.malik-management.com\/de\/\"},{\"@type\":\"ListItem\",\"position\":2,\"name\":\"Optimismus \u2013 Pessimismus \u2013 Realismus\"}]},{\"@type\":\"WebSite\",\"@id\":\"https:\/\/www.malik-management.com\/de\/#website\",\"url\":\"https:\/\/www.malik-management.com\/de\/\",\"name\":\"Malik Management\",\"description\":\"Beyond conventional management\",\"publisher\":{\"@id\":\"https:\/\/www.malik-management.com\/de\/#organization\"},\"potentialAction\":[{\"@type\":\"SearchAction\",\"target\":{\"@type\":\"EntryPoint\",\"urlTemplate\":\"https:\/\/www.malik-management.com\/de\/?s={search_term_string}\"},\"query-input\":{\"@type\":\"PropertyValueSpecification\",\"valueRequired\":true,\"valueName\":\"search_term_string\"}}],\"inLanguage\":\"de\"},{\"@type\":\"Organization\",\"@id\":\"https:\/\/www.malik-management.com\/de\/#organization\",\"name\":\"malik international AG\",\"url\":\"https:\/\/www.malik-management.com\/de\/\",\"logo\":{\"@type\":\"ImageObject\",\"inLanguage\":\"de\",\"@id\":\"https:\/\/www.malik-management.com\/de\/#\/schema\/logo\/image\/\",\"url\":\"https:\/\/www.malik-management.com\/wp-content\/uploads\/2018\/09\/Logo_malik_weiss-klein3.png\",\"contentUrl\":\"https:\/\/www.malik-management.com\/wp-content\/uploads\/2018\/09\/Logo_malik_weiss-klein3.png\",\"width\":140,\"height\":41,\"caption\":\"malik international AG\"},\"image\":{\"@id\":\"https:\/\/www.malik-management.com\/de\/#\/schema\/logo\/image\/\"},\"sameAs\":[\"https:\/\/www.linkedin.com\/company\/30160\",\"https:\/\/www.youtube.com\/user\/malikmanagement\"]},{\"@type\":\"Person\",\"@id\":\"https:\/\/www.malik-management.com\/de\/#\/schema\/person\/91fa82099f35691c4bab52d1f1a81a75\",\"name\":\"Fredmund Malik\",\"image\":{\"@type\":\"ImageObject\",\"inLanguage\":\"de\",\"@id\":\"https:\/\/www.malik-management.com\/de\/#\/schema\/person\/image\/\",\"url\":\"https:\/\/secure.gravatar.com\/avatar\/c3e7cc7ddd118be0e1666fe325eb6f40d06d9cd5b895ff464617c49bf8c7f26f?s=96&r=g\",\"contentUrl\":\"https:\/\/secure.gravatar.com\/avatar\/c3e7cc7ddd118be0e1666fe325eb6f40d06d9cd5b895ff464617c49bf8c7f26f?s=96&r=g\",\"caption\":\"Fredmund Malik\"},\"description\":\"\\\"Malik is one of the most influential business thinkers...\\\" (Business Week) \\\"Malik has become the leading expert on Management in Europe... He is a commanding figure - in theory as well as in the practice of Management.\\\" (Peter Drucker, Doyen of Management)\",\"sameAs\":[\"https:\/\/www.malik-management.com\/de\/fredmund-malik\/zur-person\/\"],\"url\":\"https:\/\/www.malik-management.com\/de\/author\/fmalik\/\"}]}<\/script>\n<!-- \/ Yoast SEO plugin. -->","yoast_head_json":{"title":"Optimismus \u2013 Pessimismus \u2013 Realismus - Malik Management","robots":{"index":"index","follow":"follow","max-snippet":"max-snippet:-1","max-image-preview":"max-image-preview:large","max-video-preview":"max-video-preview:-1"},"canonical":"https:\/\/www.malik-management.com\/de\/optimismus-pessimismus-realismus\/","og_locale":"de_DE","og_type":"article","og_title":"Optimismus \u2013 Pessimismus \u2013 Realismus - Malik Management","og_description":"Viele Menschen m\u00f6gen das polare Denken. Gut oder schlecht, schwarz oder weiss,\u00a0optimistisch oder pessimistisch \u2026\u00a0\u00a0Derzeit zeigt sich das noch deutlicher als sonst. Optimismus ist das Gebot der Stunde. Wer kritisch oder auch nur nachdenklich \u00a0ist, gilt als Pessimist. Wie w\u00e4re es mit der dritten M\u00f6glichkeit, n\u00e4mlich Realismus? Was geh\u00f6rt wohin? F\u00fcr die Lagebeurteilung ist n\u00fcchterner Realismus geboten. Was man aufgrund [...]","og_url":"https:\/\/www.malik-management.com\/de\/optimismus-pessimismus-realismus\/","og_site_name":"Malik Management","article_published_time":"2009-10-16T15:24:01+00:00","author":"Fredmund Malik","twitter_card":"summary_large_image","twitter_misc":{"Verfasst von":"Fredmund Malik","Gesch\u00e4tzte Lesezeit":"1\u00a0Minute"},"schema":{"@context":"https:\/\/schema.org","@graph":[{"@type":"Article","@id":"https:\/\/www.malik-management.com\/de\/optimismus-pessimismus-realismus\/#article","isPartOf":{"@id":"https:\/\/www.malik-management.com\/de\/optimismus-pessimismus-realismus\/"},"author":{"name":"Fredmund Malik","@id":"https:\/\/www.malik-management.com\/de\/#\/schema\/person\/91fa82099f35691c4bab52d1f1a81a75"},"headline":"Optimismus \u2013 Pessimismus \u2013 Realismus","datePublished":"2009-10-16T15:24:01+00:00","mainEntityOfPage":{"@id":"https:\/\/www.malik-management.com\/de\/optimismus-pessimismus-realismus\/"},"wordCount":222,"commentCount":0,"publisher":{"@id":"https:\/\/www.malik-management.com\/de\/#organization"},"keywords":["Optimismus","Pessimismus","Realismus"],"inLanguage":"de","potentialAction":[{"@type":"CommentAction","name":"Comment","target":["https:\/\/www.malik-management.com\/de\/optimismus-pessimismus-realismus\/#respond"]}]},{"@type":"WebPage","@id":"https:\/\/www.malik-management.com\/de\/optimismus-pessimismus-realismus\/","url":"https:\/\/www.malik-management.com\/de\/optimismus-pessimismus-realismus\/","name":"Optimismus \u2013 Pessimismus \u2013 Realismus - Malik Management","isPartOf":{"@id":"https:\/\/www.malik-management.com\/de\/#website"},"datePublished":"2009-10-16T15:24:01+00:00","breadcrumb":{"@id":"https:\/\/www.malik-management.com\/de\/optimismus-pessimismus-realismus\/#breadcrumb"},"inLanguage":"de","potentialAction":[{"@type":"ReadAction","target":["https:\/\/www.malik-management.com\/de\/optimismus-pessimismus-realismus\/"]}]},{"@type":"BreadcrumbList","@id":"https:\/\/www.malik-management.com\/de\/optimismus-pessimismus-realismus\/#breadcrumb","itemListElement":[{"@type":"ListItem","position":1,"name":"Home","item":"https:\/\/www.malik-management.com\/de\/"},{"@type":"ListItem","position":2,"name":"Optimismus \u2013 Pessimismus \u2013 Realismus"}]},{"@type":"WebSite","@id":"https:\/\/www.malik-management.com\/de\/#website","url":"https:\/\/www.malik-management.com\/de\/","name":"Malik Management","description":"Beyond conventional management","publisher":{"@id":"https:\/\/www.malik-management.com\/de\/#organization"},"potentialAction":[{"@type":"SearchAction","target":{"@type":"EntryPoint","urlTemplate":"https:\/\/www.malik-management.com\/de\/?s={search_term_string}"},"query-input":{"@type":"PropertyValueSpecification","valueRequired":true,"valueName":"search_term_string"}}],"inLanguage":"de"},{"@type":"Organization","@id":"https:\/\/www.malik-management.com\/de\/#organization","name":"malik international AG","url":"https:\/\/www.malik-management.com\/de\/","logo":{"@type":"ImageObject","inLanguage":"de","@id":"https:\/\/www.malik-management.com\/de\/#\/schema\/logo\/image\/","url":"https:\/\/www.malik-management.com\/wp-content\/uploads\/2018\/09\/Logo_malik_weiss-klein3.png","contentUrl":"https:\/\/www.malik-management.com\/wp-content\/uploads\/2018\/09\/Logo_malik_weiss-klein3.png","width":140,"height":41,"caption":"malik international AG"},"image":{"@id":"https:\/\/www.malik-management.com\/de\/#\/schema\/logo\/image\/"},"sameAs":["https:\/\/www.linkedin.com\/company\/30160","https:\/\/www.youtube.com\/user\/malikmanagement"]},{"@type":"Person","@id":"https:\/\/www.malik-management.com\/de\/#\/schema\/person\/91fa82099f35691c4bab52d1f1a81a75","name":"Fredmund Malik","image":{"@type":"ImageObject","inLanguage":"de","@id":"https:\/\/www.malik-management.com\/de\/#\/schema\/person\/image\/","url":"https:\/\/secure.gravatar.com\/avatar\/c3e7cc7ddd118be0e1666fe325eb6f40d06d9cd5b895ff464617c49bf8c7f26f?s=96&r=g","contentUrl":"https:\/\/secure.gravatar.com\/avatar\/c3e7cc7ddd118be0e1666fe325eb6f40d06d9cd5b895ff464617c49bf8c7f26f?s=96&r=g","caption":"Fredmund Malik"},"description":"\"Malik is one of the most influential business thinkers...\" (Business Week) \"Malik has become the leading expert on Management in Europe... He is a commanding figure - in theory as well as in the practice of Management.\" (Peter Drucker, Doyen of Management)","sameAs":["https:\/\/www.malik-management.com\/de\/fredmund-malik\/zur-person\/"],"url":"https:\/\/www.malik-management.com\/de\/author\/fmalik\/"}]}},"_links":{"self":[{"href":"https:\/\/www.malik-management.com\/de\/wp-json\/wp\/v2\/posts\/465","targetHints":{"allow":["GET"]}}],"collection":[{"href":"https:\/\/www.malik-management.com\/de\/wp-json\/wp\/v2\/posts"}],"about":[{"href":"https:\/\/www.malik-management.com\/de\/wp-json\/wp\/v2\/types\/post"}],"author":[{"embeddable":true,"href":"https:\/\/www.malik-management.com\/de\/wp-json\/wp\/v2\/users\/6"}],"replies":[{"embeddable":true,"href":"https:\/\/www.malik-management.com\/de\/wp-json\/wp\/v2\/comments?post=465"}],"version-history":[{"count":0,"href":"https:\/\/www.malik-management.com\/de\/wp-json\/wp\/v2\/posts\/465\/revisions"}],"wp:attachment":[{"href":"https:\/\/www.malik-management.com\/de\/wp-json\/wp\/v2\/media?parent=465"}],"wp:term":[{"taxonomy":"category","embeddable":true,"href":"https:\/\/www.malik-management.com\/de\/wp-json\/wp\/v2\/categories?post=465"},{"taxonomy":"post_tag","embeddable":true,"href":"https:\/\/www.malik-management.com\/de\/wp-json\/wp\/v2\/tags?post=465"}],"curies":[{"name":"wp","href":"https:\/\/api.w.org\/{rel}","templated":true}]}}