{"id":479,"date":"2009-08-24T15:29:11","date_gmt":"2009-08-24T15:29:11","guid":{"rendered":"http:\/\/blog.malik-management.com\/?p=479"},"modified":"2009-08-24T15:29:11","modified_gmt":"2009-08-24T15:29:11","slug":"was-denn-sonst-krise-des-managements","status":"publish","type":"post","link":"https:\/\/www.malik-management.com\/de\/was-denn-sonst-krise-des-managements\/","title":{"rendered":"Was denn sonst? Krise des Managements!"},"content":{"rendered":"<p>Der\u00a0SPIEGEL schreibt in der aktuellen Ausgabe<br \/>\n\u00fcber Managementversagen:<br \/>\n<a title=\" Designer Joop warnt vor Pleitewelle in der Modeindustrie\" href=\"http:\/\/www.spiegel.de\/wirtschaft\/unternehmen\/0,1518,644472,00.html\" target=\"_blank\">Designer Joop warnt vor Pleitewelle in der Modeindustrie<\/a><br \/>\n&#8222;Es wird verheerend&#8220;: Der Designer Wolfgang Joop sieht schwarz f\u00fcr die Zukunft der Modebranche in Deutschland: &#8222;Ich rechne noch mit etlichen Pleiten in n\u00e4chster Zeit&#8220;, sagte er dem SPIEGEL &#8211; die Schuld gibt er einer verh\u00e4ngnisvollen Mischung von Eitelkeit und Inkompetenz.<br \/>\nWas denn sonst soll schuld sein? Die meisten Medien sind bisher nicht auf diese Ursache gekommen. Lieber schreibt man \u00fcber realit\u00e4tsferne Theorien von \u00d6konomen. Mode k\u00f6nnen die Modemacher schon machen, daran fehlt es nicht. Aber managen haben sie nicht gelernt. Ohne funktionierendes\u00a0 Management funktioniert die Mode nicht \u2013 und genau gleich ist es in vielen Branchen, die jetzt mit der Krise k\u00e4mpfen, weil ihre Systeme daf\u00fcr nie ausgelegt wurden. So ist es auch in den meisten Organisationen der Gesellschaft. Mit unseren High-Function-Tools machen das unsere Spezialisten von <a href=\"http:\/\/www.malik-management.com\/\" target=\"_blank\">Malik Management <\/a>in wenigen Wochen.<\/p>\n","protected":false},"excerpt":{"rendered":"<p>Der\u00a0SPIEGEL schreibt in der aktuellen Ausgabe \u00fcber Managementversagen: Designer Joop warnt vor Pleitewelle in der Modeindustrie &#8222;Es wird verheerend&#8220;: Der Designer Wolfgang Joop sieht schwarz f\u00fcr die Zukunft der Modebranche in Deutschland: &#8222;Ich rechne noch mit etlichen Pleiten in n\u00e4chster Zeit&#8220;, sagte er dem SPIEGEL &#8211; die Schuld gibt er einer verh\u00e4ngnisvollen Mischung von Eitelkeit und Inkompetenz. Was denn sonst  [&#8230;]<\/p>\n","protected":false},"author":6,"featured_media":0,"comment_status":"open","ping_status":"open","sticky":false,"template":"","format":"standard","meta":{"_acf_changed":false,"_bbp_topic_count":0,"_bbp_reply_count":0,"_bbp_total_topic_count":0,"_bbp_total_reply_count":0,"_bbp_voice_count":0,"_bbp_anonymous_reply_count":0,"_bbp_topic_count_hidden":0,"_bbp_reply_count_hidden":0,"_bbp_forum_subforum_count":0,"footnotes":""},"categories":[141],"tags":[130,240],"class_list":["post-479","post","type-post","status-publish","format-standard","hentry","category-kategorie-allgemein","tag-funktionieren","tag-krise"],"acf":[],"yoast_head":"<!-- This site is optimized with the Yoast SEO plugin v26.4 - https:\/\/yoast.com\/wordpress\/plugins\/seo\/ -->\n<title>Was denn sonst? Krise des Managements! - Malik Management<\/title>\n<meta name=\"robots\" content=\"index, follow, max-snippet:-1, max-image-preview:large, max-video-preview:-1\" \/>\n<link rel=\"canonical\" href=\"https:\/\/www.malik-management.com\/de\/was-denn-sonst-krise-des-managements\/\" \/>\n<meta property=\"og:locale\" content=\"de_DE\" \/>\n<meta property=\"og:type\" content=\"article\" \/>\n<meta property=\"og:title\" content=\"Was denn sonst? Krise des Managements! - Malik Management\" \/>\n<meta property=\"og:description\" content=\"Der\u00a0SPIEGEL schreibt in der aktuellen Ausgabe \u00fcber Managementversagen: Designer Joop warnt vor Pleitewelle in der Modeindustrie &#8222;Es wird verheerend&#8220;: Der Designer Wolfgang Joop sieht schwarz f\u00fcr die Zukunft der Modebranche in Deutschland: &#8222;Ich rechne noch mit etlichen Pleiten in n\u00e4chster Zeit&#8220;, sagte er dem SPIEGEL &#8211; die Schuld gibt er einer verh\u00e4ngnisvollen Mischung von Eitelkeit und Inkompetenz. Was denn sonst [...]\" \/>\n<meta property=\"og:url\" content=\"https:\/\/www.malik-management.com\/de\/was-denn-sonst-krise-des-managements\/\" \/>\n<meta property=\"og:site_name\" content=\"Malik Management\" \/>\n<meta property=\"article:published_time\" content=\"2009-08-24T15:29:11+00:00\" \/>\n<meta name=\"author\" content=\"Fredmund Malik\" \/>\n<meta name=\"twitter:card\" content=\"summary_large_image\" \/>\n<meta name=\"twitter:label1\" content=\"Verfasst von\" \/>\n\t<meta name=\"twitter:data1\" content=\"Fredmund Malik\" \/>\n\t<meta name=\"twitter:label2\" content=\"Gesch\u00e4tzte Lesezeit\" \/>\n\t<meta name=\"twitter:data2\" content=\"1\u00a0Minute\" \/>\n<script type=\"application\/ld+json\" class=\"yoast-schema-graph\">{\"@context\":\"https:\/\/schema.org\",\"@graph\":[{\"@type\":\"Article\",\"@id\":\"https:\/\/www.malik-management.com\/de\/was-denn-sonst-krise-des-managements\/#article\",\"isPartOf\":{\"@id\":\"https:\/\/www.malik-management.com\/de\/was-denn-sonst-krise-des-managements\/\"},\"author\":{\"name\":\"Fredmund Malik\",\"@id\":\"https:\/\/www.malik-management.com\/de\/#\/schema\/person\/91fa82099f35691c4bab52d1f1a81a75\"},\"headline\":\"Was denn sonst? Krise des Managements!\",\"datePublished\":\"2009-08-24T15:29:11+00:00\",\"mainEntityOfPage\":{\"@id\":\"https:\/\/www.malik-management.com\/de\/was-denn-sonst-krise-des-managements\/\"},\"wordCount\":162,\"commentCount\":2,\"publisher\":{\"@id\":\"https:\/\/www.malik-management.com\/de\/#organization\"},\"keywords\":[\"Funktionieren\",\"Krise\"],\"inLanguage\":\"de\",\"potentialAction\":[{\"@type\":\"CommentAction\",\"name\":\"Comment\",\"target\":[\"https:\/\/www.malik-management.com\/de\/was-denn-sonst-krise-des-managements\/#respond\"]}]},{\"@type\":\"WebPage\",\"@id\":\"https:\/\/www.malik-management.com\/de\/was-denn-sonst-krise-des-managements\/\",\"url\":\"https:\/\/www.malik-management.com\/de\/was-denn-sonst-krise-des-managements\/\",\"name\":\"Was denn sonst? Krise des Managements! - Malik Management\",\"isPartOf\":{\"@id\":\"https:\/\/www.malik-management.com\/de\/#website\"},\"datePublished\":\"2009-08-24T15:29:11+00:00\",\"breadcrumb\":{\"@id\":\"https:\/\/www.malik-management.com\/de\/was-denn-sonst-krise-des-managements\/#breadcrumb\"},\"inLanguage\":\"de\",\"potentialAction\":[{\"@type\":\"ReadAction\",\"target\":[\"https:\/\/www.malik-management.com\/de\/was-denn-sonst-krise-des-managements\/\"]}]},{\"@type\":\"BreadcrumbList\",\"@id\":\"https:\/\/www.malik-management.com\/de\/was-denn-sonst-krise-des-managements\/#breadcrumb\",\"itemListElement\":[{\"@type\":\"ListItem\",\"position\":1,\"name\":\"Home\",\"item\":\"https:\/\/www.malik-management.com\/de\/\"},{\"@type\":\"ListItem\",\"position\":2,\"name\":\"Was denn sonst? Krise des Managements!\"}]},{\"@type\":\"WebSite\",\"@id\":\"https:\/\/www.malik-management.com\/de\/#website\",\"url\":\"https:\/\/www.malik-management.com\/de\/\",\"name\":\"Malik Management\",\"description\":\"Beyond conventional management\",\"publisher\":{\"@id\":\"https:\/\/www.malik-management.com\/de\/#organization\"},\"potentialAction\":[{\"@type\":\"SearchAction\",\"target\":{\"@type\":\"EntryPoint\",\"urlTemplate\":\"https:\/\/www.malik-management.com\/de\/?s={search_term_string}\"},\"query-input\":{\"@type\":\"PropertyValueSpecification\",\"valueRequired\":true,\"valueName\":\"search_term_string\"}}],\"inLanguage\":\"de\"},{\"@type\":\"Organization\",\"@id\":\"https:\/\/www.malik-management.com\/de\/#organization\",\"name\":\"malik international AG\",\"url\":\"https:\/\/www.malik-management.com\/de\/\",\"logo\":{\"@type\":\"ImageObject\",\"inLanguage\":\"de\",\"@id\":\"https:\/\/www.malik-management.com\/de\/#\/schema\/logo\/image\/\",\"url\":\"https:\/\/www.malik-management.com\/wp-content\/uploads\/2018\/09\/Logo_malik_weiss-klein3.png\",\"contentUrl\":\"https:\/\/www.malik-management.com\/wp-content\/uploads\/2018\/09\/Logo_malik_weiss-klein3.png\",\"width\":140,\"height\":41,\"caption\":\"malik international AG\"},\"image\":{\"@id\":\"https:\/\/www.malik-management.com\/de\/#\/schema\/logo\/image\/\"},\"sameAs\":[\"https:\/\/www.linkedin.com\/company\/30160\",\"https:\/\/www.youtube.com\/user\/malikmanagement\"]},{\"@type\":\"Person\",\"@id\":\"https:\/\/www.malik-management.com\/de\/#\/schema\/person\/91fa82099f35691c4bab52d1f1a81a75\",\"name\":\"Fredmund Malik\",\"image\":{\"@type\":\"ImageObject\",\"inLanguage\":\"de\",\"@id\":\"https:\/\/www.malik-management.com\/de\/#\/schema\/person\/image\/\",\"url\":\"https:\/\/secure.gravatar.com\/avatar\/c3e7cc7ddd118be0e1666fe325eb6f40d06d9cd5b895ff464617c49bf8c7f26f?s=96&r=g\",\"contentUrl\":\"https:\/\/secure.gravatar.com\/avatar\/c3e7cc7ddd118be0e1666fe325eb6f40d06d9cd5b895ff464617c49bf8c7f26f?s=96&r=g\",\"caption\":\"Fredmund Malik\"},\"description\":\"\\\"Malik is one of the most influential business thinkers...\\\" (Business Week) \\\"Malik has become the leading expert on Management in Europe... He is a commanding figure - in theory as well as in the practice of Management.\\\" (Peter Drucker, Doyen of Management)\",\"sameAs\":[\"https:\/\/www.malik-management.com\/de\/fredmund-malik\/zur-person\/\"],\"url\":\"https:\/\/www.malik-management.com\/de\/author\/fmalik\/\"}]}<\/script>\n<!-- \/ Yoast SEO plugin. -->","yoast_head_json":{"title":"Was denn sonst? Krise des Managements! - Malik Management","robots":{"index":"index","follow":"follow","max-snippet":"max-snippet:-1","max-image-preview":"max-image-preview:large","max-video-preview":"max-video-preview:-1"},"canonical":"https:\/\/www.malik-management.com\/de\/was-denn-sonst-krise-des-managements\/","og_locale":"de_DE","og_type":"article","og_title":"Was denn sonst? Krise des Managements! - Malik Management","og_description":"Der\u00a0SPIEGEL schreibt in der aktuellen Ausgabe \u00fcber Managementversagen: Designer Joop warnt vor Pleitewelle in der Modeindustrie &#8222;Es wird verheerend&#8220;: Der Designer Wolfgang Joop sieht schwarz f\u00fcr die Zukunft der Modebranche in Deutschland: &#8222;Ich rechne noch mit etlichen Pleiten in n\u00e4chster Zeit&#8220;, sagte er dem SPIEGEL &#8211; die Schuld gibt er einer verh\u00e4ngnisvollen Mischung von Eitelkeit und Inkompetenz. Was denn sonst [...]","og_url":"https:\/\/www.malik-management.com\/de\/was-denn-sonst-krise-des-managements\/","og_site_name":"Malik Management","article_published_time":"2009-08-24T15:29:11+00:00","author":"Fredmund Malik","twitter_card":"summary_large_image","twitter_misc":{"Verfasst von":"Fredmund Malik","Gesch\u00e4tzte Lesezeit":"1\u00a0Minute"},"schema":{"@context":"https:\/\/schema.org","@graph":[{"@type":"Article","@id":"https:\/\/www.malik-management.com\/de\/was-denn-sonst-krise-des-managements\/#article","isPartOf":{"@id":"https:\/\/www.malik-management.com\/de\/was-denn-sonst-krise-des-managements\/"},"author":{"name":"Fredmund Malik","@id":"https:\/\/www.malik-management.com\/de\/#\/schema\/person\/91fa82099f35691c4bab52d1f1a81a75"},"headline":"Was denn sonst? Krise des Managements!","datePublished":"2009-08-24T15:29:11+00:00","mainEntityOfPage":{"@id":"https:\/\/www.malik-management.com\/de\/was-denn-sonst-krise-des-managements\/"},"wordCount":162,"commentCount":2,"publisher":{"@id":"https:\/\/www.malik-management.com\/de\/#organization"},"keywords":["Funktionieren","Krise"],"inLanguage":"de","potentialAction":[{"@type":"CommentAction","name":"Comment","target":["https:\/\/www.malik-management.com\/de\/was-denn-sonst-krise-des-managements\/#respond"]}]},{"@type":"WebPage","@id":"https:\/\/www.malik-management.com\/de\/was-denn-sonst-krise-des-managements\/","url":"https:\/\/www.malik-management.com\/de\/was-denn-sonst-krise-des-managements\/","name":"Was denn sonst? Krise des Managements! - Malik Management","isPartOf":{"@id":"https:\/\/www.malik-management.com\/de\/#website"},"datePublished":"2009-08-24T15:29:11+00:00","breadcrumb":{"@id":"https:\/\/www.malik-management.com\/de\/was-denn-sonst-krise-des-managements\/#breadcrumb"},"inLanguage":"de","potentialAction":[{"@type":"ReadAction","target":["https:\/\/www.malik-management.com\/de\/was-denn-sonst-krise-des-managements\/"]}]},{"@type":"BreadcrumbList","@id":"https:\/\/www.malik-management.com\/de\/was-denn-sonst-krise-des-managements\/#breadcrumb","itemListElement":[{"@type":"ListItem","position":1,"name":"Home","item":"https:\/\/www.malik-management.com\/de\/"},{"@type":"ListItem","position":2,"name":"Was denn sonst? Krise des Managements!"}]},{"@type":"WebSite","@id":"https:\/\/www.malik-management.com\/de\/#website","url":"https:\/\/www.malik-management.com\/de\/","name":"Malik Management","description":"Beyond conventional management","publisher":{"@id":"https:\/\/www.malik-management.com\/de\/#organization"},"potentialAction":[{"@type":"SearchAction","target":{"@type":"EntryPoint","urlTemplate":"https:\/\/www.malik-management.com\/de\/?s={search_term_string}"},"query-input":{"@type":"PropertyValueSpecification","valueRequired":true,"valueName":"search_term_string"}}],"inLanguage":"de"},{"@type":"Organization","@id":"https:\/\/www.malik-management.com\/de\/#organization","name":"malik international AG","url":"https:\/\/www.malik-management.com\/de\/","logo":{"@type":"ImageObject","inLanguage":"de","@id":"https:\/\/www.malik-management.com\/de\/#\/schema\/logo\/image\/","url":"https:\/\/www.malik-management.com\/wp-content\/uploads\/2018\/09\/Logo_malik_weiss-klein3.png","contentUrl":"https:\/\/www.malik-management.com\/wp-content\/uploads\/2018\/09\/Logo_malik_weiss-klein3.png","width":140,"height":41,"caption":"malik international AG"},"image":{"@id":"https:\/\/www.malik-management.com\/de\/#\/schema\/logo\/image\/"},"sameAs":["https:\/\/www.linkedin.com\/company\/30160","https:\/\/www.youtube.com\/user\/malikmanagement"]},{"@type":"Person","@id":"https:\/\/www.malik-management.com\/de\/#\/schema\/person\/91fa82099f35691c4bab52d1f1a81a75","name":"Fredmund Malik","image":{"@type":"ImageObject","inLanguage":"de","@id":"https:\/\/www.malik-management.com\/de\/#\/schema\/person\/image\/","url":"https:\/\/secure.gravatar.com\/avatar\/c3e7cc7ddd118be0e1666fe325eb6f40d06d9cd5b895ff464617c49bf8c7f26f?s=96&r=g","contentUrl":"https:\/\/secure.gravatar.com\/avatar\/c3e7cc7ddd118be0e1666fe325eb6f40d06d9cd5b895ff464617c49bf8c7f26f?s=96&r=g","caption":"Fredmund Malik"},"description":"\"Malik is one of the most influential business thinkers...\" (Business Week) \"Malik has become the leading expert on Management in Europe... He is a commanding figure - in theory as well as in the practice of Management.\" (Peter Drucker, Doyen of Management)","sameAs":["https:\/\/www.malik-management.com\/de\/fredmund-malik\/zur-person\/"],"url":"https:\/\/www.malik-management.com\/de\/author\/fmalik\/"}]}},"_links":{"self":[{"href":"https:\/\/www.malik-management.com\/de\/wp-json\/wp\/v2\/posts\/479","targetHints":{"allow":["GET"]}}],"collection":[{"href":"https:\/\/www.malik-management.com\/de\/wp-json\/wp\/v2\/posts"}],"about":[{"href":"https:\/\/www.malik-management.com\/de\/wp-json\/wp\/v2\/types\/post"}],"author":[{"embeddable":true,"href":"https:\/\/www.malik-management.com\/de\/wp-json\/wp\/v2\/users\/6"}],"replies":[{"embeddable":true,"href":"https:\/\/www.malik-management.com\/de\/wp-json\/wp\/v2\/comments?post=479"}],"version-history":[{"count":0,"href":"https:\/\/www.malik-management.com\/de\/wp-json\/wp\/v2\/posts\/479\/revisions"}],"wp:attachment":[{"href":"https:\/\/www.malik-management.com\/de\/wp-json\/wp\/v2\/media?parent=479"}],"wp:term":[{"taxonomy":"category","embeddable":true,"href":"https:\/\/www.malik-management.com\/de\/wp-json\/wp\/v2\/categories?post=479"},{"taxonomy":"post_tag","embeddable":true,"href":"https:\/\/www.malik-management.com\/de\/wp-json\/wp\/v2\/tags?post=479"}],"curies":[{"name":"wp","href":"https:\/\/api.w.org\/{rel}","templated":true}]}}